{"id":1458,"date":"2016-02-10T12:06:25","date_gmt":"2016-02-10T11:06:25","guid":{"rendered":"http:\/\/frigo.etopiadev.nl\/?p=1458"},"modified":"2016-02-10T12:06:25","modified_gmt":"2016-02-10T11:06:25","slug":"jacques-ijs-wahlt-mit-frigo-group-logistische-gesamtentlastung","status":"publish","type":"post","link":"https:\/\/www.frigogroup.com\/nl\/nachrichten\/jacques-ijs-wahlt-mit-frigo-group-logistische-gesamtentlastung","title":{"rendered":"Jacques IJs w\u00e4hlt mit der Frigo Group die logistische Gesamtentlastung"},"content":{"rendered":"<p><img loading=\"lazy\" decoding=\"async\" class=\"aligncenter size-full wp-image-458 lazyload\" data-src=\"https:\/\/www.frigogroup.com\/wp-content\/uploads\/2017\/03\/jacques_ijs-frigo3.jpeg\" alt=\"\" width=\"600\" height=\"437\" src=\"data:image\/gif;base64,R0lGODlhAQABAAAAACH5BAEKAAEALAAAAAABAAEAAAICTAEAOw==\" style=\"--smush-placeholder-width: 600px; --smush-placeholder-aspect-ratio: 600\/437;\" \/><noscript><img loading=\"lazy\" decoding=\"async\" class=\"aligncenter size-full wp-image-458\" src=\"https:\/\/www.frigogroup.com\/wp-content\/uploads\/2017\/03\/jacques_ijs-frigo3.jpeg\" alt=\"\" width=\"600\" height=\"437\" \/><\/noscript><\/p>\n<p>Der belgische Eisproduzent war auf der Suche nach einem Ort in den Niederlanden zur Tiefk\u00fchllagerung von Eis bei einer Temperatur von -22\u00b0C . Mit der Frigo Gruppe fand der Betrieb, laut Logistik Manager Peter van Baelen, viel mehr als das.<\/p>\n<p>Jacques IJs ist ein Familienbetrieb, welcher in Westerlo- Oevel in den letzten Jahrzehnten sehr schnell gewachsen ist. \u201e1986 hatte der Betrieb 10 feste Mitarbeiter, dessen Anzahl inzwischen auf 130 herangewachsen ist\u201c, erkl\u00e4rt van Baelen. \u201cR\u00fcckblickend war 1994 ein Schl\u00fcsseljahr; damals begannen wir damit Aldi mit Eis zu beliefern. Andere internationale Supermarktketten folgten nicht viel sp\u00e4ter. Verteilt \u00fcber ca. 500 verschiedene Produkte, produzierte Jaques IJs letztes Jahr nahezu 200 Millionen Eis.\u201d<\/p>\n<p><strong>Neue Produkte<\/strong><\/p>\n<p>Jacques IJs investiert stetig in neue Produkte und die Erneuerung des Produktionsprozesses, welcher zum Teil vollautomatisiert ist. Letztes Jahr musste sich des Unternehmen, durch entsprechende Umst\u00e4nde, auf die Suche nach einem K\u00fchlhaus in den Niederlanden machen. Van Baelen: \u201cWir verf\u00fcgen selbst \u00fcber eine Lagerkapazit\u00e4t von 4600 Paletten Stellpl\u00e4tzen. An diversen strategischen Orten in Europa mieten wir nochmals ein paar Tausend Stellpl\u00e4tze dazu. Als unser festes K\u00fchlhaus in den Niederlanden weg viel, haben wir Kontakt mit der Frigo Gruppe aufgenommen, welche wir schon kannten weil Frigo Group Logistics f\u00fcr uns bereits den konditionierten Transport in die Schweiz zu unserer vollsten Zufriedenheit versorgt hat.\u201d<\/p>\n<p><strong>\u2018One stop shopping\u2019<\/strong><\/p>\n<p>Im Tiefk\u00fchllager von Frigo Nieuw Vennep sind ab sofort 500-600 Stellpl\u00e4tze reserviert f\u00fcr Jaques Ijs. Von dort aus werden Superm\u00e4rkte und Gro\u00dfhandel von der Frigo Group beliefert, welche zus\u00e4tzlich noch einige kleinere Abnehmer in den Niederlanden ab Westerlo- Oevel mit Eis versorgt. \u201cAbgesehen von der Schweiz, transportieren die Lastwagen von Frigo Group Logistics unsere Produkte inzwischen auch nach Denemark, Gro\u00df- Britanien und Luxenburg, \u201d erkl\u00e4rt van Baelen . \u201cTats\u00e4chlich, wir haben nach einem K\u00fchlhaus gesucht aber bekamen dank unserer guten Erfahrungen mit Frigo Group Logistics viel mehr.. Unter dem Motto \u2018one stop shopping\u2019 sind die Tiefk\u00fchllagerung und der konditionierte Transport bei der Frigo Group in guten H\u00e4nden.\u201d<\/p>\n<p><strong>Dauerhafte Zusammenarbeit<\/strong><\/p>\n<p>Mit einem der Lastwagen, holte Margreet van Elderen von Frigo Nieuw Vennep neulich pers\u00f6nlich einige Paletten mit Eis in Westerlo- Oevel ab. Der Empfang war erzlich und sie bekam eine inspirierende F\u00fchrung durch den innovativen Betrieb. Van Baelen: \u201eDie Frigo Goup und Jaques Ijs haben viel gemeinsam, wie zum Beispiel die No Nonsens- Mentalit\u00e4t und kurze Kommunikationswege. Man kann merken das man bei Frigo gewohnt ist schnell zu handeln, was zu einer gro\u00dfen Kundenzufriedenheit und einem guten Preis- Qualit\u00e4tsverh\u00e4ltnis f\u00fchrt. Alles deutet auf eine intensive, dauerhafte Zusammenarbeit hin.\u201c\u00a0<strong>\u00a0<\/strong><\/p>\n<p><strong>\u00dcber die Frigo Group<\/strong><\/p>\n<p>Die Frigo Gruppe, ein <em>Full Service<\/em> Dienstleister der sich auf die Handhabung den Transport und der Lagerung von tiefgefrorenen Waren dritter spezialisiert hat. Frigo hat Niederlassungen in \u2019s-Heerenberg, Nieuw Vennep und Geldermalsen.<\/p>\n<p><strong>\u00a0<img loading=\"lazy\" decoding=\"async\" class=\"aligncenter size-full wp-image-459 lazyload\" data-src=\"https:\/\/www.frigogroup.com\/wp-content\/uploads\/2017\/03\/samenwerking_vrieshuis_frigo_group_-_jacques_ijs_12.jpeg\" alt=\"\" width=\"600\" height=\"395\" src=\"data:image\/gif;base64,R0lGODlhAQABAAAAACH5BAEKAAEALAAAAAABAAEAAAICTAEAOw==\" style=\"--smush-placeholder-width: 600px; --smush-placeholder-aspect-ratio: 600\/395;\" \/><noscript><img loading=\"lazy\" decoding=\"async\" class=\"aligncenter size-full wp-image-459\" src=\"https:\/\/www.frigogroup.com\/wp-content\/uploads\/2017\/03\/samenwerking_vrieshuis_frigo_group_-_jacques_ijs_12.jpeg\" alt=\"\" width=\"600\" height=\"395\" \/><\/noscript><\/strong><\/p>\n<p>&nbsp;<\/p>\n","protected":false},"excerpt":{"rendered":"<p>Der belgische Eisproduzent war auf der Suche nach einem Ort in den Niederlanden zur Tiefk\u00fchllagerung von Eis bei einer Temperatur von -22\u00b0C . Mit der Frigo Gruppe fand der Betrieb, laut Logistik Manager Peter van Baelen, viel mehr als das. Jacques IJs ist ein Familienbetrieb, welcher in Westerlo- Oevel in den letzten Jahrzehnten sehr schnell&hellip;<\/p>\n","protected":false},"author":2,"featured_media":459,"comment_status":"open","ping_status":"open","sticky":false,"template":"","format":"standard","meta":{"footnotes":""},"categories":[9],"tags":[],"class_list":["post-1458","post","type-post","status-publish","format-standard","has-post-thumbnail","hentry","category-nachrichten"],"yoast_head":"<!-- This site is optimized with the Yoast SEO plugin v24.2 - https:\/\/yoast.com\/wordpress\/plugins\/seo\/ -->\n<title>Jacques IJs w\u00e4hlt mit der Frigo Group die logistische Gesamtentlastung - Frigo Group<\/title>\n<meta name=\"robots\" content=\"index, follow, max-snippet:-1, max-image-preview:large, max-video-preview:-1\" \/>\n<link rel=\"canonical\" href=\"https:\/\/www.frigogroup.com\/nl\/nachrichten\/jacques-ijs-wahlt-mit-frigo-group-logistische-gesamtentlastung\" \/>\n<meta property=\"og:locale\" content=\"nl_NL\" \/>\n<meta property=\"og:type\" content=\"article\" \/>\n<meta property=\"og:title\" content=\"Jacques IJs w\u00e4hlt mit der Frigo Group die logistische Gesamtentlastung - Frigo Group\" \/>\n<meta property=\"og:description\" content=\"Der belgische Eisproduzent war auf der Suche nach einem Ort in den Niederlanden zur Tiefk\u00fchllagerung von Eis bei einer Temperatur von -22\u00b0C . Mit der Frigo Gruppe fand der Betrieb, laut Logistik Manager Peter van Baelen, viel mehr als das. Jacques IJs ist ein Familienbetrieb, welcher in Westerlo- Oevel in den letzten Jahrzehnten sehr schnell&hellip;\" \/>\n<meta property=\"og:url\" content=\"https:\/\/www.frigogroup.com\/nl\/nachrichten\/jacques-ijs-wahlt-mit-frigo-group-logistische-gesamtentlastung\" \/>\n<meta property=\"og:site_name\" content=\"Frigo Group\" \/>\n<meta property=\"article:published_time\" content=\"2016-02-10T11:06:25+00:00\" \/>\n<meta property=\"og:image\" content=\"https:\/\/www.frigogroup.com\/wp-content\/uploads\/2017\/03\/samenwerking_vrieshuis_frigo_group_-_jacques_ijs_12-1.jpeg\" \/>\n\t<meta property=\"og:image:width\" content=\"600\" \/>\n\t<meta property=\"og:image:height\" content=\"395\" \/>\n\t<meta property=\"og:image:type\" content=\"image\/jpeg\" \/>\n<meta name=\"author\" content=\"admin-etopia\" \/>\n<meta name=\"twitter:card\" content=\"summary_large_image\" \/>\n<meta name=\"twitter:label1\" content=\"Geschreven door\" \/>\n\t<meta name=\"twitter:data1\" content=\"admin-etopia\" \/>\n\t<meta name=\"twitter:label2\" content=\"Geschatte leestijd\" \/>\n\t<meta name=\"twitter:data2\" content=\"2 minuten\" \/>\n<script type=\"application\/ld+json\" class=\"yoast-schema-graph\">{\"@context\":\"https:\/\/schema.org\",\"@graph\":[{\"@type\":\"WebPage\",\"@id\":\"https:\/\/www.frigogroup.com\/nl\/nachrichten\/jacques-ijs-wahlt-mit-frigo-group-logistische-gesamtentlastung\",\"url\":\"https:\/\/www.frigogroup.com\/nl\/nachrichten\/jacques-ijs-wahlt-mit-frigo-group-logistische-gesamtentlastung\",\"name\":\"Jacques IJs w\u00e4hlt mit der Frigo Group die logistische Gesamtentlastung - Frigo Group\",\"isPartOf\":{\"@id\":\"https:\/\/www.frigogroup.com\/nl\/#website\"},\"primaryImageOfPage\":{\"@id\":\"https:\/\/www.frigogroup.com\/nl\/nachrichten\/jacques-ijs-wahlt-mit-frigo-group-logistische-gesamtentlastung#primaryimage\"},\"image\":{\"@id\":\"https:\/\/www.frigogroup.com\/nl\/nachrichten\/jacques-ijs-wahlt-mit-frigo-group-logistische-gesamtentlastung#primaryimage\"},\"thumbnailUrl\":\"https:\/\/www.frigogroup.com\/wp-content\/uploads\/2017\/03\/samenwerking_vrieshuis_frigo_group_-_jacques_ijs_12-1.jpeg\",\"datePublished\":\"2016-02-10T11:06:25+00:00\",\"dateModified\":\"2016-02-10T11:06:25+00:00\",\"author\":{\"@id\":\"https:\/\/www.frigogroup.com\/nl\/#\/schema\/person\/04ef811a14cdac94d4fdc3e4d23d389d\"},\"breadcrumb\":{\"@id\":\"https:\/\/www.frigogroup.com\/nl\/nachrichten\/jacques-ijs-wahlt-mit-frigo-group-logistische-gesamtentlastung#breadcrumb\"},\"inLanguage\":\"nl-NL\",\"potentialAction\":[{\"@type\":\"ReadAction\",\"target\":[\"https:\/\/www.frigogroup.com\/nl\/nachrichten\/jacques-ijs-wahlt-mit-frigo-group-logistische-gesamtentlastung\"]}]},{\"@type\":\"ImageObject\",\"inLanguage\":\"nl-NL\",\"@id\":\"https:\/\/www.frigogroup.com\/nl\/nachrichten\/jacques-ijs-wahlt-mit-frigo-group-logistische-gesamtentlastung#primaryimage\",\"url\":\"https:\/\/www.frigogroup.com\/wp-content\/uploads\/2017\/03\/samenwerking_vrieshuis_frigo_group_-_jacques_ijs_12-1.jpeg\",\"contentUrl\":\"https:\/\/www.frigogroup.com\/wp-content\/uploads\/2017\/03\/samenwerking_vrieshuis_frigo_group_-_jacques_ijs_12-1.jpeg\",\"width\":600,\"height\":395},{\"@type\":\"BreadcrumbList\",\"@id\":\"https:\/\/www.frigogroup.com\/nl\/nachrichten\/jacques-ijs-wahlt-mit-frigo-group-logistische-gesamtentlastung#breadcrumb\",\"itemListElement\":[{\"@type\":\"ListItem\",\"position\":1,\"name\":\"Home\",\"item\":\"https:\/\/www.frigogroup.com\/nl\"},{\"@type\":\"ListItem\",\"position\":2,\"name\":\"Jacques IJs w\u00e4hlt mit der Frigo Group die logistische Gesamtentlastung\"}]},{\"@type\":\"WebSite\",\"@id\":\"https:\/\/www.frigogroup.com\/nl\/#website\",\"url\":\"https:\/\/www.frigogroup.com\/nl\/\",\"name\":\"Frigo Group\",\"description\":\"Coldstore Facilities and Supply Chain Solutions\",\"potentialAction\":[{\"@type\":\"SearchAction\",\"target\":{\"@type\":\"EntryPoint\",\"urlTemplate\":\"https:\/\/www.frigogroup.com\/nl\/?s={search_term_string}\"},\"query-input\":{\"@type\":\"PropertyValueSpecification\",\"valueRequired\":true,\"valueName\":\"search_term_string\"}}],\"inLanguage\":\"nl-NL\"},{\"@type\":\"Person\",\"@id\":\"https:\/\/www.frigogroup.com\/nl\/#\/schema\/person\/04ef811a14cdac94d4fdc3e4d23d389d\",\"name\":\"admin-etopia\",\"image\":{\"@type\":\"ImageObject\",\"inLanguage\":\"nl-NL\",\"@id\":\"https:\/\/www.frigogroup.com\/nl\/#\/schema\/person\/image\/\",\"url\":\"https:\/\/secure.gravatar.com\/avatar\/b5d8cdafb31f8bc329d1de8eba9df534?s=96&d=mm&r=g\",\"contentUrl\":\"https:\/\/secure.gravatar.com\/avatar\/b5d8cdafb31f8bc329d1de8eba9df534?s=96&d=mm&r=g\",\"caption\":\"admin-etopia\"},\"url\":\"https:\/\/www.frigogroup.com\/nl\/author\/admin-etopia\"}]}<\/script>\n<!-- \/ Yoast SEO plugin. -->","yoast_head_json":{"title":"Jacques IJs w\u00e4hlt mit der Frigo Group die logistische Gesamtentlastung - Frigo Group","robots":{"index":"index","follow":"follow","max-snippet":"max-snippet:-1","max-image-preview":"max-image-preview:large","max-video-preview":"max-video-preview:-1"},"canonical":"https:\/\/www.frigogroup.com\/nl\/nachrichten\/jacques-ijs-wahlt-mit-frigo-group-logistische-gesamtentlastung","og_locale":"nl_NL","og_type":"article","og_title":"Jacques IJs w\u00e4hlt mit der Frigo Group die logistische Gesamtentlastung - Frigo Group","og_description":"Der belgische Eisproduzent war auf der Suche nach einem Ort in den Niederlanden zur Tiefk\u00fchllagerung von Eis bei einer Temperatur von -22\u00b0C . Mit der Frigo Gruppe fand der Betrieb, laut Logistik Manager Peter van Baelen, viel mehr als das. Jacques IJs ist ein Familienbetrieb, welcher in Westerlo- Oevel in den letzten Jahrzehnten sehr schnell&hellip;","og_url":"https:\/\/www.frigogroup.com\/nl\/nachrichten\/jacques-ijs-wahlt-mit-frigo-group-logistische-gesamtentlastung","og_site_name":"Frigo Group","article_published_time":"2016-02-10T11:06:25+00:00","og_image":[{"width":600,"height":395,"url":"https:\/\/www.frigogroup.com\/wp-content\/uploads\/2017\/03\/samenwerking_vrieshuis_frigo_group_-_jacques_ijs_12-1.jpeg","type":"image\/jpeg"}],"author":"admin-etopia","twitter_card":"summary_large_image","twitter_misc":{"Geschreven door":"admin-etopia","Geschatte leestijd":"2 minuten"},"schema":{"@context":"https:\/\/schema.org","@graph":[{"@type":"WebPage","@id":"https:\/\/www.frigogroup.com\/nl\/nachrichten\/jacques-ijs-wahlt-mit-frigo-group-logistische-gesamtentlastung","url":"https:\/\/www.frigogroup.com\/nl\/nachrichten\/jacques-ijs-wahlt-mit-frigo-group-logistische-gesamtentlastung","name":"Jacques IJs w\u00e4hlt mit der Frigo Group die logistische Gesamtentlastung - Frigo Group","isPartOf":{"@id":"https:\/\/www.frigogroup.com\/nl\/#website"},"primaryImageOfPage":{"@id":"https:\/\/www.frigogroup.com\/nl\/nachrichten\/jacques-ijs-wahlt-mit-frigo-group-logistische-gesamtentlastung#primaryimage"},"image":{"@id":"https:\/\/www.frigogroup.com\/nl\/nachrichten\/jacques-ijs-wahlt-mit-frigo-group-logistische-gesamtentlastung#primaryimage"},"thumbnailUrl":"https:\/\/www.frigogroup.com\/wp-content\/uploads\/2017\/03\/samenwerking_vrieshuis_frigo_group_-_jacques_ijs_12-1.jpeg","datePublished":"2016-02-10T11:06:25+00:00","dateModified":"2016-02-10T11:06:25+00:00","author":{"@id":"https:\/\/www.frigogroup.com\/nl\/#\/schema\/person\/04ef811a14cdac94d4fdc3e4d23d389d"},"breadcrumb":{"@id":"https:\/\/www.frigogroup.com\/nl\/nachrichten\/jacques-ijs-wahlt-mit-frigo-group-logistische-gesamtentlastung#breadcrumb"},"inLanguage":"nl-NL","potentialAction":[{"@type":"ReadAction","target":["https:\/\/www.frigogroup.com\/nl\/nachrichten\/jacques-ijs-wahlt-mit-frigo-group-logistische-gesamtentlastung"]}]},{"@type":"ImageObject","inLanguage":"nl-NL","@id":"https:\/\/www.frigogroup.com\/nl\/nachrichten\/jacques-ijs-wahlt-mit-frigo-group-logistische-gesamtentlastung#primaryimage","url":"https:\/\/www.frigogroup.com\/wp-content\/uploads\/2017\/03\/samenwerking_vrieshuis_frigo_group_-_jacques_ijs_12-1.jpeg","contentUrl":"https:\/\/www.frigogroup.com\/wp-content\/uploads\/2017\/03\/samenwerking_vrieshuis_frigo_group_-_jacques_ijs_12-1.jpeg","width":600,"height":395},{"@type":"BreadcrumbList","@id":"https:\/\/www.frigogroup.com\/nl\/nachrichten\/jacques-ijs-wahlt-mit-frigo-group-logistische-gesamtentlastung#breadcrumb","itemListElement":[{"@type":"ListItem","position":1,"name":"Home","item":"https:\/\/www.frigogroup.com\/nl"},{"@type":"ListItem","position":2,"name":"Jacques IJs w\u00e4hlt mit der Frigo Group die logistische Gesamtentlastung"}]},{"@type":"WebSite","@id":"https:\/\/www.frigogroup.com\/nl\/#website","url":"https:\/\/www.frigogroup.com\/nl\/","name":"Frigo Group","description":"Coldstore Facilities and Supply Chain Solutions","potentialAction":[{"@type":"SearchAction","target":{"@type":"EntryPoint","urlTemplate":"https:\/\/www.frigogroup.com\/nl\/?s={search_term_string}"},"query-input":{"@type":"PropertyValueSpecification","valueRequired":true,"valueName":"search_term_string"}}],"inLanguage":"nl-NL"},{"@type":"Person","@id":"https:\/\/www.frigogroup.com\/nl\/#\/schema\/person\/04ef811a14cdac94d4fdc3e4d23d389d","name":"admin-etopia","image":{"@type":"ImageObject","inLanguage":"nl-NL","@id":"https:\/\/www.frigogroup.com\/nl\/#\/schema\/person\/image\/","url":"https:\/\/secure.gravatar.com\/avatar\/b5d8cdafb31f8bc329d1de8eba9df534?s=96&d=mm&r=g","contentUrl":"https:\/\/secure.gravatar.com\/avatar\/b5d8cdafb31f8bc329d1de8eba9df534?s=96&d=mm&r=g","caption":"admin-etopia"},"url":"https:\/\/www.frigogroup.com\/nl\/author\/admin-etopia"}]}},"_links":{"self":[{"href":"https:\/\/www.frigogroup.com\/nl\/wp-json\/wp\/v2\/posts\/1458","targetHints":{"allow":["GET"]}}],"collection":[{"href":"https:\/\/www.frigogroup.com\/nl\/wp-json\/wp\/v2\/posts"}],"about":[{"href":"https:\/\/www.frigogroup.com\/nl\/wp-json\/wp\/v2\/types\/post"}],"author":[{"embeddable":true,"href":"https:\/\/www.frigogroup.com\/nl\/wp-json\/wp\/v2\/users\/2"}],"replies":[{"embeddable":true,"href":"https:\/\/www.frigogroup.com\/nl\/wp-json\/wp\/v2\/comments?post=1458"}],"version-history":[{"count":0,"href":"https:\/\/www.frigogroup.com\/nl\/wp-json\/wp\/v2\/posts\/1458\/revisions"}],"wp:featuredmedia":[{"embeddable":true,"href":"https:\/\/www.frigogroup.com\/nl\/wp-json\/wp\/v2\/media\/459"}],"wp:attachment":[{"href":"https:\/\/www.frigogroup.com\/nl\/wp-json\/wp\/v2\/media?parent=1458"}],"wp:term":[{"taxonomy":"category","embeddable":true,"href":"https:\/\/www.frigogroup.com\/nl\/wp-json\/wp\/v2\/categories?post=1458"},{"taxonomy":"post_tag","embeddable":true,"href":"https:\/\/www.frigogroup.com\/nl\/wp-json\/wp\/v2\/tags?post=1458"}],"curies":[{"name":"wp","href":"https:\/\/api.w.org\/{rel}","templated":true}]}}