{"id":1452,"date":"2014-12-04T11:48:33","date_gmt":"2014-12-04T10:48:33","guid":{"rendered":"http:\/\/frigo.etopiadev.nl\/?p=1452"},"modified":"2014-12-04T11:48:33","modified_gmt":"2014-12-04T10:48:33","slug":"mitarbeiter-zentral-beim-40-jahrigem-jubilaum-von-frigo-nieuw-vennep","status":"publish","type":"post","link":"https:\/\/www.frigogroup.com\/nl\/nachrichten\/mitarbeiter-zentral-beim-40-jahrigem-jubilaum-von-frigo-nieuw-vennep","title":{"rendered":"Mitarbeiter zentral beim 40- j\u00e4hrigem Jubil\u00e4um von Frigo Nieuw Vennep"},"content":{"rendered":"<p><img loading=\"lazy\" decoding=\"async\" class=\"aligncenter size-full wp-image-404 lazyload\" data-src=\"https:\/\/www.frigogroup.com\/wp-content\/uploads\/2017\/03\/40-jr-frigo-iamsterdam1-2.jpeg\" alt=\"\" width=\"600\" height=\"276\" src=\"data:image\/gif;base64,R0lGODlhAQABAAAAACH5BAEKAAEALAAAAAABAAEAAAICTAEAOw==\" style=\"--smush-placeholder-width: 600px; --smush-placeholder-aspect-ratio: 600\/276;\" \/><noscript><img loading=\"lazy\" decoding=\"async\" class=\"aligncenter size-full wp-image-404\" src=\"https:\/\/www.frigogroup.com\/wp-content\/uploads\/2017\/03\/40-jr-frigo-iamsterdam1-2.jpeg\" alt=\"\" width=\"600\" height=\"276\" \/><\/noscript><\/p>\n<p>Am letzten Wochenende im November feierte Frigo Nieuw Vennep das 40-j\u00e4hrige Bestehen des Betriebes. Dies geschah durch ein sonniges, gemeinsames Wochenende in Amsterdam. Die Fotos geben einen Eindruck von dem erfolgreichen Jubil\u00e4ums- Trip, welcher laut Staplerfahrer Theo Timmers schon am Freitagmittag begann. \u201cIch bin buchst\u00e4blich am Nachmittag einfach vom Stapler ins Touringcar gestiegen, welches f\u00fcr uns bereitstand um uns nach Amsterdam zu fahren. Die gesamte Belegschaft mit Partnern wurde beim Park Hotel im Zentrum von Amsterdam abgesetzt. Hier konnten wir dann einchecken und unsere Arbeitskleidung gegen die Abendgarderobe tauschen mit der wir um 20:00 Uhr im Restaurant MOMO erwartet wurden f\u00fcr ein Superdiner.\u201d Mary Jane van den Hoek (Customer Service): \u201cUnter anderem hat unser Kollege Piet Heinemann einen Diner Bon an die Gesch\u00e4ftsleitung Margreet van Elderen \u00fcberreicht. Margreet bedankte sich ihrerseits bei allen Mitarbeitern f\u00fcr Ihren pers\u00f6nlichen Einsatz und Ihre Betroffenheit. Auch die Partner wurden hierbei nicht vergessen. Ich arbeite hier noch nicht so lange aber die Aufmerksamkeit und F\u00fcrsorge f\u00fcr die Mitarbeiter des Betriebes ist doch sehr kennzeichnend f\u00fcr Frigo.\u201d<\/p>\n<p><strong>\u00a0<\/strong><\/p>\n<table border=\"0\" cellspacing=\"10\">\n<tbody>\n<tr>\n<td><img loading=\"lazy\" decoding=\"async\" class=\"aligncenter size-full wp-image-406 lazyload\" data-src=\"https:\/\/www.frigogroup.com\/wp-content\/uploads\/2017\/03\/40-jr_frigo-rondvaartboot-2.jpeg\" alt=\"\" width=\"500\" height=\"281\" src=\"data:image\/gif;base64,R0lGODlhAQABAAAAACH5BAEKAAEALAAAAAABAAEAAAICTAEAOw==\" style=\"--smush-placeholder-width: 500px; --smush-placeholder-aspect-ratio: 500\/281;\" \/><noscript><img loading=\"lazy\" decoding=\"async\" class=\"aligncenter size-full wp-image-406\" src=\"https:\/\/www.frigogroup.com\/wp-content\/uploads\/2017\/03\/40-jr_frigo-rondvaartboot-2.jpeg\" alt=\"\" width=\"500\" height=\"281\" \/><\/noscript><\/td>\n<td><img loading=\"lazy\" decoding=\"async\" class=\"aligncenter size-full wp-image-405 lazyload\" data-src=\"https:\/\/www.frigogroup.com\/wp-content\/uploads\/2017\/03\/40-jr-frigo-fietsverhuur.jpeg\" alt=\"\" width=\"500\" height=\"281\" src=\"data:image\/gif;base64,R0lGODlhAQABAAAAACH5BAEKAAEALAAAAAABAAEAAAICTAEAOw==\" style=\"--smush-placeholder-width: 500px; --smush-placeholder-aspect-ratio: 500\/281;\" \/><noscript><img loading=\"lazy\" decoding=\"async\" class=\"aligncenter size-full wp-image-405\" src=\"https:\/\/www.frigogroup.com\/wp-content\/uploads\/2017\/03\/40-jr-frigo-fietsverhuur.jpeg\" alt=\"\" width=\"500\" height=\"281\" \/><\/noscript><\/td>\n<\/tr>\n<\/tbody>\n<\/table>\n<p><strong>Citybiken und Rundfahrt<\/strong><\/p>\n<p>Theo arbeitet bereits 32 Jahre bei Frigo Nieuw Vennep, Mary Jane ist eineinhalb Jahre im Dienst. Beide sind sehr enthusiastisch \u00fcber das abwechslungsreiche Programm welches allen Mitarbeitern und Ihren Partnern am Samstag geboten wurde. Mary Jane: \u201cNach einem herrlichen Fr\u00fchst\u00fcck teilten wir uns in drei Gruppen auf um dann unter der Leitung eines Reisef\u00fchrers ein paar Stunden zu <em>Citibiken<\/em>. Das war sehr sch\u00f6n und aufschlussreich: auf dem Fahrrad lernt man die Stadt doch aus einen ganz anderem Blickwinkel kennen. Das Wetter hat auch mitgespielt: es war frisch, aber sonnig. Prima Fahrrad- Wetter also. Nach dem <em>Citibiken<\/em> folgte eine Rundfahrt durch die Amsterdamer Grachten. Theo: \u201cAn Bord wurde ein ausgezeichnetes Lunch serviert. Frigo- Gr\u00fcnder Hein van Elderen und seine Frau durften hierbei nat\u00fcrlich nicht fehlen und das taten sie zum Gl\u00fcck auch nicht. Es war sehr sch\u00f6n und r\u00fchrend das Sie dabei waren.\u201d<\/p>\n<p><img loading=\"lazy\" decoding=\"async\" class=\"aligncenter size-full wp-image-407 lazyload\" data-src=\"https:\/\/www.frigogroup.com\/wp-content\/uploads\/2017\/03\/40-jr-frigo-momo1-2.jpeg\" alt=\"\" width=\"600\" height=\"325\" src=\"data:image\/gif;base64,R0lGODlhAQABAAAAACH5BAEKAAEALAAAAAABAAEAAAICTAEAOw==\" style=\"--smush-placeholder-width: 600px; --smush-placeholder-aspect-ratio: 600\/325;\" \/><noscript><img loading=\"lazy\" decoding=\"async\" class=\"aligncenter size-full wp-image-407\" src=\"https:\/\/www.frigogroup.com\/wp-content\/uploads\/2017\/03\/40-jr-frigo-momo1-2.jpeg\" alt=\"\" width=\"600\" height=\"325\" \/><\/noscript><\/p>\n<p><strong>Gelungenes Wochenende<\/strong><\/p>\n<p>Nach der Rundfahrt konnte jeder noch ein paar Stunden in die Stadt, um zu Schoppen, ein Museum zu besuchen oder eine beheizte Terrasse aufzusuchen bis dann um 17:30 Uhr wieder alle in den Bus nach Nieuw Vennep stiegen. Genau wie Theo blickt auch Mary Jane auf ein gelungenes Wochenende zur\u00fcck: \u201cNicht nur Amsterdam sondern auch meine Kollegen habe ich auf eine ganz andere Weise kennengelernt. Ja, auch Kollegen die ich normalerweise nicht so oft spreche. Das ist doch das Sch\u00f6ne an einem gemeinsamen Wochenende in Amsterdam.\u201d<\/p>\n","protected":false},"excerpt":{"rendered":"<p>Am letzten Wochenende im November feierte Frigo Nieuw Vennep das 40-j\u00e4hrige Bestehen des Betriebes. Dies geschah durch ein sonniges, gemeinsames Wochenende in Amsterdam. Die Fotos geben einen Eindruck von dem erfolgreichen Jubil\u00e4ums- Trip, welcher laut Staplerfahrer Theo Timmers schon am Freitagmittag begann. \u201cIch bin buchst\u00e4blich am Nachmittag einfach vom Stapler ins Touringcar gestiegen, welches f\u00fcr&hellip;<\/p>\n","protected":false},"author":2,"featured_media":404,"comment_status":"open","ping_status":"open","sticky":false,"template":"","format":"standard","meta":{"footnotes":""},"categories":[9],"tags":[],"class_list":["post-1452","post","type-post","status-publish","format-standard","has-post-thumbnail","hentry","category-nachrichten"],"yoast_head":"<!-- This site is optimized with the Yoast SEO plugin v24.2 - https:\/\/yoast.com\/wordpress\/plugins\/seo\/ -->\n<title>Mitarbeiter zentral beim 40- j\u00e4hrigem Jubil\u00e4um von Frigo Nieuw Vennep - Frigo Group<\/title>\n<meta name=\"robots\" content=\"index, follow, max-snippet:-1, max-image-preview:large, max-video-preview:-1\" \/>\n<link rel=\"canonical\" href=\"https:\/\/www.frigogroup.com\/nl\/nachrichten\/mitarbeiter-zentral-beim-40-jahrigem-jubilaum-von-frigo-nieuw-vennep\" \/>\n<meta property=\"og:locale\" content=\"nl_NL\" \/>\n<meta property=\"og:type\" content=\"article\" \/>\n<meta property=\"og:title\" content=\"Mitarbeiter zentral beim 40- j\u00e4hrigem Jubil\u00e4um von Frigo Nieuw Vennep - Frigo Group\" \/>\n<meta property=\"og:description\" content=\"Am letzten Wochenende im November feierte Frigo Nieuw Vennep das 40-j\u00e4hrige Bestehen des Betriebes. Dies geschah durch ein sonniges, gemeinsames Wochenende in Amsterdam. Die Fotos geben einen Eindruck von dem erfolgreichen Jubil\u00e4ums- Trip, welcher laut Staplerfahrer Theo Timmers schon am Freitagmittag begann. \u201cIch bin buchst\u00e4blich am Nachmittag einfach vom Stapler ins Touringcar gestiegen, welches f\u00fcr&hellip;\" \/>\n<meta property=\"og:url\" content=\"https:\/\/www.frigogroup.com\/nl\/nachrichten\/mitarbeiter-zentral-beim-40-jahrigem-jubilaum-von-frigo-nieuw-vennep\" \/>\n<meta property=\"og:site_name\" content=\"Frigo Group\" \/>\n<meta property=\"article:published_time\" content=\"2014-12-04T10:48:33+00:00\" \/>\n<meta property=\"og:image\" content=\"https:\/\/www.frigogroup.com\/wp-content\/uploads\/2021\/05\/Frigo-group-_0009_Laag-8-1030x215-1.jpg\" \/>\n\t<meta property=\"og:image:width\" content=\"1030\" \/>\n\t<meta property=\"og:image:height\" content=\"215\" \/>\n\t<meta property=\"og:image:type\" content=\"image\/jpeg\" \/>\n<meta name=\"author\" content=\"admin-etopia\" \/>\n<meta name=\"twitter:card\" content=\"summary_large_image\" \/>\n<meta name=\"twitter:label1\" content=\"Geschreven door\" \/>\n\t<meta name=\"twitter:data1\" content=\"admin-etopia\" \/>\n\t<meta name=\"twitter:label2\" content=\"Geschatte leestijd\" \/>\n\t<meta name=\"twitter:data2\" content=\"2 minuten\" \/>\n<script type=\"application\/ld+json\" class=\"yoast-schema-graph\">{\"@context\":\"https:\/\/schema.org\",\"@graph\":[{\"@type\":\"WebPage\",\"@id\":\"https:\/\/www.frigogroup.com\/nl\/nachrichten\/mitarbeiter-zentral-beim-40-jahrigem-jubilaum-von-frigo-nieuw-vennep\",\"url\":\"https:\/\/www.frigogroup.com\/nl\/nachrichten\/mitarbeiter-zentral-beim-40-jahrigem-jubilaum-von-frigo-nieuw-vennep\",\"name\":\"Mitarbeiter zentral beim 40- j\u00e4hrigem Jubil\u00e4um von Frigo Nieuw Vennep - Frigo Group\",\"isPartOf\":{\"@id\":\"https:\/\/www.frigogroup.com\/nl\/#website\"},\"primaryImageOfPage\":{\"@id\":\"https:\/\/www.frigogroup.com\/nl\/nachrichten\/mitarbeiter-zentral-beim-40-jahrigem-jubilaum-von-frigo-nieuw-vennep#primaryimage\"},\"image\":{\"@id\":\"https:\/\/www.frigogroup.com\/nl\/nachrichten\/mitarbeiter-zentral-beim-40-jahrigem-jubilaum-von-frigo-nieuw-vennep#primaryimage\"},\"thumbnailUrl\":\"https:\/\/www.frigogroup.com\/wp-content\/uploads\/2021\/05\/Frigo-group-_0009_Laag-8-1030x215-1.jpg\",\"datePublished\":\"2014-12-04T10:48:33+00:00\",\"dateModified\":\"2014-12-04T10:48:33+00:00\",\"author\":{\"@id\":\"https:\/\/www.frigogroup.com\/nl\/#\/schema\/person\/04ef811a14cdac94d4fdc3e4d23d389d\"},\"breadcrumb\":{\"@id\":\"https:\/\/www.frigogroup.com\/nl\/nachrichten\/mitarbeiter-zentral-beim-40-jahrigem-jubilaum-von-frigo-nieuw-vennep#breadcrumb\"},\"inLanguage\":\"nl-NL\",\"potentialAction\":[{\"@type\":\"ReadAction\",\"target\":[\"https:\/\/www.frigogroup.com\/nl\/nachrichten\/mitarbeiter-zentral-beim-40-jahrigem-jubilaum-von-frigo-nieuw-vennep\"]}]},{\"@type\":\"ImageObject\",\"inLanguage\":\"nl-NL\",\"@id\":\"https:\/\/www.frigogroup.com\/nl\/nachrichten\/mitarbeiter-zentral-beim-40-jahrigem-jubilaum-von-frigo-nieuw-vennep#primaryimage\",\"url\":\"https:\/\/www.frigogroup.com\/wp-content\/uploads\/2021\/05\/Frigo-group-_0009_Laag-8-1030x215-1.jpg\",\"contentUrl\":\"https:\/\/www.frigogroup.com\/wp-content\/uploads\/2021\/05\/Frigo-group-_0009_Laag-8-1030x215-1.jpg\",\"width\":1030,\"height\":215},{\"@type\":\"BreadcrumbList\",\"@id\":\"https:\/\/www.frigogroup.com\/nl\/nachrichten\/mitarbeiter-zentral-beim-40-jahrigem-jubilaum-von-frigo-nieuw-vennep#breadcrumb\",\"itemListElement\":[{\"@type\":\"ListItem\",\"position\":1,\"name\":\"Home\",\"item\":\"https:\/\/www.frigogroup.com\/nl\"},{\"@type\":\"ListItem\",\"position\":2,\"name\":\"Mitarbeiter zentral beim 40- j\u00e4hrigem Jubil\u00e4um von Frigo Nieuw Vennep\"}]},{\"@type\":\"WebSite\",\"@id\":\"https:\/\/www.frigogroup.com\/nl\/#website\",\"url\":\"https:\/\/www.frigogroup.com\/nl\/\",\"name\":\"Frigo Group\",\"description\":\"Coldstore Facilities and Supply Chain Solutions\",\"potentialAction\":[{\"@type\":\"SearchAction\",\"target\":{\"@type\":\"EntryPoint\",\"urlTemplate\":\"https:\/\/www.frigogroup.com\/nl\/?s={search_term_string}\"},\"query-input\":{\"@type\":\"PropertyValueSpecification\",\"valueRequired\":true,\"valueName\":\"search_term_string\"}}],\"inLanguage\":\"nl-NL\"},{\"@type\":\"Person\",\"@id\":\"https:\/\/www.frigogroup.com\/nl\/#\/schema\/person\/04ef811a14cdac94d4fdc3e4d23d389d\",\"name\":\"admin-etopia\",\"image\":{\"@type\":\"ImageObject\",\"inLanguage\":\"nl-NL\",\"@id\":\"https:\/\/www.frigogroup.com\/nl\/#\/schema\/person\/image\/\",\"url\":\"https:\/\/secure.gravatar.com\/avatar\/b5d8cdafb31f8bc329d1de8eba9df534?s=96&d=mm&r=g\",\"contentUrl\":\"https:\/\/secure.gravatar.com\/avatar\/b5d8cdafb31f8bc329d1de8eba9df534?s=96&d=mm&r=g\",\"caption\":\"admin-etopia\"},\"url\":\"https:\/\/www.frigogroup.com\/nl\/author\/admin-etopia\"}]}<\/script>\n<!-- \/ Yoast SEO plugin. -->","yoast_head_json":{"title":"Mitarbeiter zentral beim 40- j\u00e4hrigem Jubil\u00e4um von Frigo Nieuw Vennep - Frigo Group","robots":{"index":"index","follow":"follow","max-snippet":"max-snippet:-1","max-image-preview":"max-image-preview:large","max-video-preview":"max-video-preview:-1"},"canonical":"https:\/\/www.frigogroup.com\/nl\/nachrichten\/mitarbeiter-zentral-beim-40-jahrigem-jubilaum-von-frigo-nieuw-vennep","og_locale":"nl_NL","og_type":"article","og_title":"Mitarbeiter zentral beim 40- j\u00e4hrigem Jubil\u00e4um von Frigo Nieuw Vennep - Frigo Group","og_description":"Am letzten Wochenende im November feierte Frigo Nieuw Vennep das 40-j\u00e4hrige Bestehen des Betriebes. Dies geschah durch ein sonniges, gemeinsames Wochenende in Amsterdam. Die Fotos geben einen Eindruck von dem erfolgreichen Jubil\u00e4ums- Trip, welcher laut Staplerfahrer Theo Timmers schon am Freitagmittag begann. \u201cIch bin buchst\u00e4blich am Nachmittag einfach vom Stapler ins Touringcar gestiegen, welches f\u00fcr&hellip;","og_url":"https:\/\/www.frigogroup.com\/nl\/nachrichten\/mitarbeiter-zentral-beim-40-jahrigem-jubilaum-von-frigo-nieuw-vennep","og_site_name":"Frigo Group","article_published_time":"2014-12-04T10:48:33+00:00","og_image":[{"width":1030,"height":215,"url":"https:\/\/www.frigogroup.com\/wp-content\/uploads\/2021\/05\/Frigo-group-_0009_Laag-8-1030x215-1.jpg","type":"image\/jpeg"}],"author":"admin-etopia","twitter_card":"summary_large_image","twitter_misc":{"Geschreven door":"admin-etopia","Geschatte leestijd":"2 minuten"},"schema":{"@context":"https:\/\/schema.org","@graph":[{"@type":"WebPage","@id":"https:\/\/www.frigogroup.com\/nl\/nachrichten\/mitarbeiter-zentral-beim-40-jahrigem-jubilaum-von-frigo-nieuw-vennep","url":"https:\/\/www.frigogroup.com\/nl\/nachrichten\/mitarbeiter-zentral-beim-40-jahrigem-jubilaum-von-frigo-nieuw-vennep","name":"Mitarbeiter zentral beim 40- j\u00e4hrigem Jubil\u00e4um von Frigo Nieuw Vennep - Frigo Group","isPartOf":{"@id":"https:\/\/www.frigogroup.com\/nl\/#website"},"primaryImageOfPage":{"@id":"https:\/\/www.frigogroup.com\/nl\/nachrichten\/mitarbeiter-zentral-beim-40-jahrigem-jubilaum-von-frigo-nieuw-vennep#primaryimage"},"image":{"@id":"https:\/\/www.frigogroup.com\/nl\/nachrichten\/mitarbeiter-zentral-beim-40-jahrigem-jubilaum-von-frigo-nieuw-vennep#primaryimage"},"thumbnailUrl":"https:\/\/www.frigogroup.com\/wp-content\/uploads\/2021\/05\/Frigo-group-_0009_Laag-8-1030x215-1.jpg","datePublished":"2014-12-04T10:48:33+00:00","dateModified":"2014-12-04T10:48:33+00:00","author":{"@id":"https:\/\/www.frigogroup.com\/nl\/#\/schema\/person\/04ef811a14cdac94d4fdc3e4d23d389d"},"breadcrumb":{"@id":"https:\/\/www.frigogroup.com\/nl\/nachrichten\/mitarbeiter-zentral-beim-40-jahrigem-jubilaum-von-frigo-nieuw-vennep#breadcrumb"},"inLanguage":"nl-NL","potentialAction":[{"@type":"ReadAction","target":["https:\/\/www.frigogroup.com\/nl\/nachrichten\/mitarbeiter-zentral-beim-40-jahrigem-jubilaum-von-frigo-nieuw-vennep"]}]},{"@type":"ImageObject","inLanguage":"nl-NL","@id":"https:\/\/www.frigogroup.com\/nl\/nachrichten\/mitarbeiter-zentral-beim-40-jahrigem-jubilaum-von-frigo-nieuw-vennep#primaryimage","url":"https:\/\/www.frigogroup.com\/wp-content\/uploads\/2021\/05\/Frigo-group-_0009_Laag-8-1030x215-1.jpg","contentUrl":"https:\/\/www.frigogroup.com\/wp-content\/uploads\/2021\/05\/Frigo-group-_0009_Laag-8-1030x215-1.jpg","width":1030,"height":215},{"@type":"BreadcrumbList","@id":"https:\/\/www.frigogroup.com\/nl\/nachrichten\/mitarbeiter-zentral-beim-40-jahrigem-jubilaum-von-frigo-nieuw-vennep#breadcrumb","itemListElement":[{"@type":"ListItem","position":1,"name":"Home","item":"https:\/\/www.frigogroup.com\/nl"},{"@type":"ListItem","position":2,"name":"Mitarbeiter zentral beim 40- j\u00e4hrigem Jubil\u00e4um von Frigo Nieuw Vennep"}]},{"@type":"WebSite","@id":"https:\/\/www.frigogroup.com\/nl\/#website","url":"https:\/\/www.frigogroup.com\/nl\/","name":"Frigo Group","description":"Coldstore Facilities and Supply Chain Solutions","potentialAction":[{"@type":"SearchAction","target":{"@type":"EntryPoint","urlTemplate":"https:\/\/www.frigogroup.com\/nl\/?s={search_term_string}"},"query-input":{"@type":"PropertyValueSpecification","valueRequired":true,"valueName":"search_term_string"}}],"inLanguage":"nl-NL"},{"@type":"Person","@id":"https:\/\/www.frigogroup.com\/nl\/#\/schema\/person\/04ef811a14cdac94d4fdc3e4d23d389d","name":"admin-etopia","image":{"@type":"ImageObject","inLanguage":"nl-NL","@id":"https:\/\/www.frigogroup.com\/nl\/#\/schema\/person\/image\/","url":"https:\/\/secure.gravatar.com\/avatar\/b5d8cdafb31f8bc329d1de8eba9df534?s=96&d=mm&r=g","contentUrl":"https:\/\/secure.gravatar.com\/avatar\/b5d8cdafb31f8bc329d1de8eba9df534?s=96&d=mm&r=g","caption":"admin-etopia"},"url":"https:\/\/www.frigogroup.com\/nl\/author\/admin-etopia"}]}},"_links":{"self":[{"href":"https:\/\/www.frigogroup.com\/nl\/wp-json\/wp\/v2\/posts\/1452","targetHints":{"allow":["GET"]}}],"collection":[{"href":"https:\/\/www.frigogroup.com\/nl\/wp-json\/wp\/v2\/posts"}],"about":[{"href":"https:\/\/www.frigogroup.com\/nl\/wp-json\/wp\/v2\/types\/post"}],"author":[{"embeddable":true,"href":"https:\/\/www.frigogroup.com\/nl\/wp-json\/wp\/v2\/users\/2"}],"replies":[{"embeddable":true,"href":"https:\/\/www.frigogroup.com\/nl\/wp-json\/wp\/v2\/comments?post=1452"}],"version-history":[{"count":0,"href":"https:\/\/www.frigogroup.com\/nl\/wp-json\/wp\/v2\/posts\/1452\/revisions"}],"wp:featuredmedia":[{"embeddable":true,"href":"https:\/\/www.frigogroup.com\/nl\/wp-json\/wp\/v2\/media\/404"}],"wp:attachment":[{"href":"https:\/\/www.frigogroup.com\/nl\/wp-json\/wp\/v2\/media?parent=1452"}],"wp:term":[{"taxonomy":"category","embeddable":true,"href":"https:\/\/www.frigogroup.com\/nl\/wp-json\/wp\/v2\/categories?post=1452"},{"taxonomy":"post_tag","embeddable":true,"href":"https:\/\/www.frigogroup.com\/nl\/wp-json\/wp\/v2\/tags?post=1452"}],"curies":[{"name":"wp","href":"https:\/\/api.w.org\/{rel}","templated":true}]}}