{"id":1426,"date":"2013-04-10T10:58:18","date_gmt":"2013-04-10T08:58:18","guid":{"rendered":"http:\/\/frigo.etopiadev.nl\/?p=1426"},"modified":"2013-04-10T10:58:18","modified_gmt":"2013-04-10T08:58:18","slug":"frigo-40-jahre-interview-grunder-hein-elderen","status":"publish","type":"post","link":"https:\/\/www.frigogroup.com\/nl\/nachrichten\/frigo-40-jahre-interview-grunder-hein-elderen","title":{"rendered":"Frigo 40 Jahre: Interview Gr\u00fcnder Hein van Elderen"},"content":{"rendered":"<p>Betriebsgeschichte wird durch \u201cUnternehmerschaft\u201d und \u201cQualit\u00e4t\u201d gekennzeichnet<\/p>\n<p><strong>Basis der Frigo- Gruppe wurde vor 40 Jahren gelegt<\/strong><\/p>\n<p>Unternehmend, energisch, sozial bewegt, inspirierend und begeisternd. Dies sind einige Eigenschaften von Hein van Elderen ( geb. 1934), der Gr\u00fcnder der Frigo- Gruppe. Als Z\u00fcchter von Knollensellerie, nahm er im Jahre 1973 den Beschluss in Nieuw- Vennep ein K\u00fchlhaus zu errichten. Mit diesem Schritt, von der Landwirtschaft zu der Lagerung von gek\u00fchlten und tiefgefrorenen Lebensmitteln, legte er die Basis f\u00fcr die Frigo- Gruppe.<\/p>\n<p>2013 ist es Vierzig Jahre her das van Elderen sich auf unternehmende, gewagte, innovative und hochwertige Weise auf die Lagerung von gek\u00fchlten und tiefgefrorenen Lebensmitteln spezialisiert hat. Au\u00dferdem ist es Zwanzig Jahre her dass Frigo Nieuw- Vennep und Frigo \u2019s-Heerenberg unter der gemeinsamen Flagge der Frigo- Gruppe starteten. Hier drunter folgen einige wichtige Jahre in der Geschichte der Frigo- Gruppe, unterlegt mit historischen Fotos und \u00c4u\u00dferungen die kennzeichnend f\u00fcr den Gr\u00fcnder sind.<\/p>\n<p><img loading=\"lazy\" decoding=\"async\" class=\"aligncenter size-full wp-image-329 lazyload\" data-src=\"https:\/\/www.frigogroup.com\/wp-content\/uploads\/2017\/03\/vrieshuis_frigo_group_40_jaar_20.jpeg\" alt=\"\" width=\"700\" height=\"465\" src=\"data:image\/gif;base64,R0lGODlhAQABAAAAACH5BAEKAAEALAAAAAABAAEAAAICTAEAOw==\" style=\"--smush-placeholder-width: 700px; --smush-placeholder-aspect-ratio: 700\/465;\" \/><noscript><img loading=\"lazy\" decoding=\"async\" class=\"aligncenter size-full wp-image-329\" src=\"https:\/\/www.frigogroup.com\/wp-content\/uploads\/2017\/03\/vrieshuis_frigo_group_40_jaar_20.jpeg\" alt=\"\" width=\"700\" height=\"465\" \/><\/noscript><\/p>\n<p><strong>1934<\/strong><\/p>\n<p>Hein van Elderen wird in Haarlemmermeer geboren, in einer Familie mit zehn Kindern. Sein Vater ist Ackerbauer in Rijsenhout. Er pachtet 40 Hektar Land und z\u00fcchtet unter Anderem Kartoffeln, R\u00fcben und Weizen. Nach der niederen Schule kann Hein nicht weiterlernen und muss im elterlichen Betrieb arbeiten. In dieser Zeit spielen Pferd und Wagen noch eine wichtige Rolle im Land- und Gartenbau (siehe Foto hier drunter). Seit seinem 18. Lebensjahr besucht er in einigen aufeinanderfolgenden Wintern die mittlere Landbauschule in Hoofddorp. Er qualifizierte sich mit ausgezeichneten Noten, als einer der Besten des Jahrgangs.<\/p>\n<p><img loading=\"lazy\" decoding=\"async\" class=\"aligncenter size-full wp-image-330 lazyload\" data-src=\"https:\/\/www.frigogroup.com\/wp-content\/uploads\/2017\/03\/vrieshuis_frigo_group_1.jpeg\" alt=\"\" width=\"600\" height=\"420\" src=\"data:image\/gif;base64,R0lGODlhAQABAAAAACH5BAEKAAEALAAAAAABAAEAAAICTAEAOw==\" style=\"--smush-placeholder-width: 600px; --smush-placeholder-aspect-ratio: 600\/420;\" \/><noscript><img loading=\"lazy\" decoding=\"async\" class=\"aligncenter size-full wp-image-330\" src=\"https:\/\/www.frigogroup.com\/wp-content\/uploads\/2017\/03\/vrieshuis_frigo_group_1.jpeg\" alt=\"\" width=\"600\" height=\"420\" \/><\/noscript><\/p>\n<p><strong>1964<\/strong><\/p>\n<p>Hein van Elderen heiratet im Alter von 29 Jahren mit Ank Parlevliet. F\u00fcr alle Jahre die er bei seinem Vater gearbeitet hat, bekommt er ein Startkapital von 14000 Gulden. Das Ehepaar errichtet einen eigenen Ackerbaubetrieb, wiederrum auf gepachtetem Grund am IJweg in Nieuw-Vennep. Als ein paar Jahre sp\u00e4ter die Zuckerr\u00fcbenzucht zu misslingen droht, wegen starker Regenf\u00e4lle, f\u00fchrt van Elderen rote Beete und Knollensellerie in den Zuchtplan ein. Die Alternativen entwickeln sich so gut dass es beide Zuchten st\u00e4ndig ausbreitet indem er immer mehr Land anmietet. Innovativ wie van Elderen ist, wei\u00df er die Zucht und Verarbeitung von roter Bete und Knollensellerie in Zusammenarbeit mit der Landbauuniversit\u00e4t Wageningen immer mehr zu automatisieren (siehe Foto hier drunter). Trotz dieser Innovationen sind viele H\u00e4nde notwendig. Nachbarn und Familienmitglieder helfen mit und teilen den Erfolg. Van Elderen: \u201cMan muss nicht alles f\u00fcr sich selbst halten wollen und auch anderen etwas g\u00f6nnen. Dann helfen sie dir auch wenn es n\u00f6tig ist.\u201d<\/p>\n<p><img loading=\"lazy\" decoding=\"async\" class=\"aligncenter size-full wp-image-331 lazyload\" data-src=\"https:\/\/www.frigogroup.com\/wp-content\/uploads\/2017\/03\/vrieshuis_frigo_group_2.jpeg\" alt=\"\" width=\"500\" height=\"350\" src=\"data:image\/gif;base64,R0lGODlhAQABAAAAACH5BAEKAAEALAAAAAABAAEAAAICTAEAOw==\" style=\"--smush-placeholder-width: 500px; --smush-placeholder-aspect-ratio: 500\/350;\" \/><noscript><img loading=\"lazy\" decoding=\"async\" class=\"aligncenter size-full wp-image-331\" src=\"https:\/\/www.frigogroup.com\/wp-content\/uploads\/2017\/03\/vrieshuis_frigo_group_2.jpeg\" alt=\"\" width=\"500\" height=\"350\" \/><\/noscript><\/p>\n<p><strong>1972<\/strong><\/p>\n<p>Es gef\u00e4llt van Elderen nicht dass er den Knollensellerie nicht aufbewahren kann und somit gezwungen ist diesen zu verkaufen, weil dieser nicht l\u00e4nger haltbar ist. Er kauft auf der anderen Seite der IJwegs zwei Hektar Land und baut dort ein K\u00fchlhaus. Eigenh\u00e4ndig, weil van Elderen davon \u00fcberzeugt ist dass er es effizienter kann als ein Bauunternehmer.\u00a0 \u201cDurch die Arbeit mit einem eigenen Bau-Team, spare ich mindestens zwanzig Prozent der gesamten Baukosten. Dadurch gewinne ich gegen\u00fcber meinen Konkurrenten jederzeit. Au\u00dferdem erf\u00fcllt das Endresultat zu 100% meine W\u00fcnsche.\u201d Das linke Foto zeigt van Elderen (\u00e4u\u00dferst rechts) und drei Mitarbeiter in einsamer H\u00f6he im Dachbinder des zuk\u00fcnftigen K\u00fchlhauses. Auf dem rechten Foto posiert van Elderen mit seinen T\u00f6chtern Wil und Margreet im K\u00fchlhaus- Rohbau.<\/p>\n<table border=\"0\" cellspacing=\"15\">\n<tbody>\n<tr>\n<td><img loading=\"lazy\" decoding=\"async\" class=\"aligncenter size-full wp-image-332 lazyload\" data-src=\"https:\/\/www.frigogroup.com\/wp-content\/uploads\/2017\/03\/vrieshuis_frigo_group_3.jpeg\" alt=\"\" width=\"400\" height=\"400\" src=\"data:image\/gif;base64,R0lGODlhAQABAAAAACH5BAEKAAEALAAAAAABAAEAAAICTAEAOw==\" style=\"--smush-placeholder-width: 400px; --smush-placeholder-aspect-ratio: 400\/400;\" \/><noscript><img loading=\"lazy\" decoding=\"async\" class=\"aligncenter size-full wp-image-332\" src=\"https:\/\/www.frigogroup.com\/wp-content\/uploads\/2017\/03\/vrieshuis_frigo_group_3.jpeg\" alt=\"\" width=\"400\" height=\"400\" \/><\/noscript><\/td>\n<td><img loading=\"lazy\" decoding=\"async\" class=\"aligncenter size-full wp-image-333 lazyload\" data-src=\"https:\/\/www.frigogroup.com\/wp-content\/uploads\/2017\/03\/vrieshuis_frigo_group_4.jpeg\" alt=\"\" width=\"400\" height=\"400\" src=\"data:image\/gif;base64,R0lGODlhAQABAAAAACH5BAEKAAEALAAAAAABAAEAAAICTAEAOw==\" style=\"--smush-placeholder-width: 400px; --smush-placeholder-aspect-ratio: 400\/400;\" \/><noscript><img loading=\"lazy\" decoding=\"async\" class=\"aligncenter size-full wp-image-333\" src=\"https:\/\/www.frigogroup.com\/wp-content\/uploads\/2017\/03\/vrieshuis_frigo_group_4.jpeg\" alt=\"\" width=\"400\" height=\"400\" \/><\/noscript><\/td>\n<\/tr>\n<\/tbody>\n<\/table>\n<p><strong>1973<\/strong><\/p>\n<p>Das K\u00fchlhaus in Nieuw Vennep wird in Gebrauch genommen. In erster Linie wird es genutzt f\u00fcr die Aufbewahrung von Knollensellerie und hat eine Kapazit\u00e4t von circa 16800 m3. Die Anzahl der Mitarbeiter steigt stetig. Der Verlauf unter dem Personal ist sehr gering. \u201cEinen Mitarbeiter muss man so behandeln wie man selbst auch gerne behandelt werden will.\u201d Auf dem Foto ist zu sehen wie hektisch es zugeht am IJweg wenn die Ernte und die Verarbeitung von Knollensellerie mit dem Abladen von einem LKW nach dem anderen zusammenfallen.<\/p>\n<p><img loading=\"lazy\" decoding=\"async\" class=\"aligncenter size-full wp-image-334 lazyload\" data-src=\"https:\/\/www.frigogroup.com\/wp-content\/uploads\/2017\/03\/vrieshuis_frigo_group_5.jpeg\" alt=\"\" width=\"600\" height=\"420\" src=\"data:image\/gif;base64,R0lGODlhAQABAAAAACH5BAEKAAEALAAAAAABAAEAAAICTAEAOw==\" style=\"--smush-placeholder-width: 600px; --smush-placeholder-aspect-ratio: 600\/420;\" \/><noscript><img loading=\"lazy\" decoding=\"async\" class=\"aligncenter size-full wp-image-334\" src=\"https:\/\/www.frigogroup.com\/wp-content\/uploads\/2017\/03\/vrieshuis_frigo_group_5.jpeg\" alt=\"\" width=\"600\" height=\"420\" \/><\/noscript><\/p>\n<p><strong>1974<\/strong><\/p>\n<p>In Irland gibt es einen enormen \u00dcberschuss an Rindfleisch, welches durch die EU vom Markt geholt wurde und nun eingefroren werden muss. Ein Kraftfahrer erz\u00e4hlt van Elderen davon. Er handelt rasend schnell und reist sofort nach Irland, wo seine Frau das Wort hat weil er selbst kein englisch spricht. Im Fr\u00fchjahr 1974 bef\u00e4hrt der erste LKW den IJweg, geladen mit Rinderkeulen. Das Foto hier drunter zeigt, dass noch viele weitere folgen&#8230;.<\/p>\n<p><img loading=\"lazy\" decoding=\"async\" class=\"aligncenter size-full wp-image-335 lazyload\" data-src=\"https:\/\/www.frigogroup.com\/wp-content\/uploads\/2017\/03\/vrieshuis_frigo_group_11.jpeg\" alt=\"\" width=\"600\" height=\"420\" src=\"data:image\/gif;base64,R0lGODlhAQABAAAAACH5BAEKAAEALAAAAAABAAEAAAICTAEAOw==\" style=\"--smush-placeholder-width: 600px; --smush-placeholder-aspect-ratio: 600\/420;\" \/><noscript><img loading=\"lazy\" decoding=\"async\" class=\"aligncenter size-full wp-image-335\" src=\"https:\/\/www.frigogroup.com\/wp-content\/uploads\/2017\/03\/vrieshuis_frigo_group_11.jpeg\" alt=\"\" width=\"600\" height=\"420\" \/><\/noscript><\/p>\n<p>Seit Ostern 1974 liegt das K\u00fchlhaus in Nieuw-Vennep voll mit irischem Rindfleisch. Sowohl f\u00fcr die van Elderen \u2018s als auch f\u00fcr die Mitarbeiter hei\u00dft es b\u00fcffeln, weil die das Einlagern Handarbeit ist und die Rinderkeulen bleischwer sind (siehe Foto hier drunter). Sp\u00e4ter krempeln auch die Kinder des Ehepaares, Ank, Wil, Margreet und Reinier die \u00c4rmel hoch als das Fleisch eingepackt werden muss. Die Mitarbeiter werden gut belohnt f\u00fcr ihre Einspannungen. Van Elderen: \u201cFester Lohn ist feste Armut. Man muss den Menschen, die hart f\u00fcr dich arbeiten immer etwas extra geben.\u201d<\/p>\n<p>&nbsp;<\/p>\n<table border=\"0\" cellspacing=\"15\">\n<tbody>\n<tr>\n<td><img loading=\"lazy\" decoding=\"async\" class=\"aligncenter size-full wp-image-336 lazyload\" data-src=\"https:\/\/www.frigogroup.com\/wp-content\/uploads\/2017\/03\/vrieshuis_frigo_group_9.jpeg\" alt=\"\" width=\"400\" height=\"571\" src=\"data:image\/gif;base64,R0lGODlhAQABAAAAACH5BAEKAAEALAAAAAABAAEAAAICTAEAOw==\" style=\"--smush-placeholder-width: 400px; --smush-placeholder-aspect-ratio: 400\/571;\" \/><noscript><img loading=\"lazy\" decoding=\"async\" class=\"aligncenter size-full wp-image-336\" src=\"https:\/\/www.frigogroup.com\/wp-content\/uploads\/2017\/03\/vrieshuis_frigo_group_9.jpeg\" alt=\"\" width=\"400\" height=\"571\" \/><\/noscript><\/td>\n<td><img loading=\"lazy\" decoding=\"async\" class=\"aligncenter size-full wp-image-337 lazyload\" data-src=\"https:\/\/www.frigogroup.com\/wp-content\/uploads\/2017\/03\/vrieshuis_frigo_group_10.jpeg\" alt=\"\" width=\"400\" height=\"571\" src=\"data:image\/gif;base64,R0lGODlhAQABAAAAACH5BAEKAAEALAAAAAABAAEAAAICTAEAOw==\" style=\"--smush-placeholder-width: 400px; --smush-placeholder-aspect-ratio: 400\/571;\" \/><noscript><img loading=\"lazy\" decoding=\"async\" class=\"aligncenter size-full wp-image-337\" src=\"https:\/\/www.frigogroup.com\/wp-content\/uploads\/2017\/03\/vrieshuis_frigo_group_10.jpeg\" alt=\"\" width=\"400\" height=\"571\" \/><\/noscript><\/td>\n<\/tr>\n<\/tbody>\n<\/table>\n<p>&nbsp;<\/p>\n<p><strong>1975<\/strong><\/p>\n<p>&nbsp;<\/p>\n<p>Folge des enormen Bed\u00fcrfnisses an Platz wo unter Anderem Rindfleisch langfristig gelagert werden konnte ist dass das K\u00fchlhaus in Nieuw-Vennep 1975, zwei Jahre nach Ingebrauchnahme, zum ersten Mal kr\u00e4ftig erweitert wird. Van Elderen f\u00fchrt den Bau wiederrum selbst aus. Auf dem Foto hier drunter steht er auf dem zuk\u00fcnftigen Dach.<\/p>\n<p>&nbsp;<\/p>\n<p><img loading=\"lazy\" decoding=\"async\" class=\"aligncenter size-full wp-image-338 lazyload\" data-src=\"https:\/\/www.frigogroup.com\/wp-content\/uploads\/2017\/03\/vrieshuis_frigo_group19.jpeg\" alt=\"\" width=\"400\" height=\"571\" src=\"data:image\/gif;base64,R0lGODlhAQABAAAAACH5BAEKAAEALAAAAAABAAEAAAICTAEAOw==\" style=\"--smush-placeholder-width: 400px; --smush-placeholder-aspect-ratio: 400\/571;\" \/><noscript><img loading=\"lazy\" decoding=\"async\" class=\"aligncenter size-full wp-image-338\" src=\"https:\/\/www.frigogroup.com\/wp-content\/uploads\/2017\/03\/vrieshuis_frigo_group19.jpeg\" alt=\"\" width=\"400\" height=\"571\" \/><\/noscript><\/p>\n<p><strong>1978<\/strong><\/p>\n<p>Van Elderen kann ein St\u00fcck Grund in Rotterdam kaufen und baut dort mit seinem eigenen Bau-Team ein K\u00fchlhaus. Unter dem Namen Eurofrigo tritt er in der Maas Stadt der dort gefestigten Konkurrenz entgegen. Wegen der Qualit\u00e4t der Dienstverleihung, geliefert durch f\u00e4hige, hochmotivierte Mitarbeiter die t\u00e4glich mit einem Bus von Nieuw-Vennep nach Rotterdam fahren, entscheiden sich immer mehr gro\u00dfe Kunden f\u00fcr eines der K\u00fchlh\u00e4user von van Elderen. Seine Devise: \u201cEin guter Chef sitzt nicht irgendwo oben, in einem Elfenbeinturm, sondern wei\u00df genau was in seinem Betrieb passiert und hat ein Auge f\u00fcr sein Personal.\u201d<\/p>\n<p>Die Fotos hier drunter zeigen den Empfang von der Stahlkonstruktion durch den Bruder Gerrit van Elderen (\u00e4u\u00dferst links auf dem Foto), der Tag und Nacht bereitsteht. Das Foto rechts zeigt van Elderen w\u00e4hrend einer \u00dcberlegung mit zwei Mitarbeitern der ersten Stunde, Co Bus und Dan Zwartel\u00e9. Durch diese loyalen Familienmitglieder und Mitarbeiter wird der Sprung vom Haarlemmermeer- Polder zum Rotterdamer Hafen ein Erfolg.<\/p>\n<p>&nbsp;<\/p>\n<table border=\"0\" cellspacing=\"15\">\n<tbody>\n<tr>\n<td><img loading=\"lazy\" decoding=\"async\" class=\"aligncenter size-full wp-image-339 lazyload\" data-src=\"https:\/\/www.frigogroup.com\/wp-content\/uploads\/2017\/03\/frigo_group1_17.jpeg\" alt=\"\" width=\"500\" height=\"350\" src=\"data:image\/gif;base64,R0lGODlhAQABAAAAACH5BAEKAAEALAAAAAABAAEAAAICTAEAOw==\" style=\"--smush-placeholder-width: 500px; --smush-placeholder-aspect-ratio: 500\/350;\" \/><noscript><img loading=\"lazy\" decoding=\"async\" class=\"aligncenter size-full wp-image-339\" src=\"https:\/\/www.frigogroup.com\/wp-content\/uploads\/2017\/03\/frigo_group1_17.jpeg\" alt=\"\" width=\"500\" height=\"350\" \/><\/noscript><\/td>\n<td><img loading=\"lazy\" decoding=\"async\" class=\"aligncenter size-full wp-image-340 lazyload\" data-src=\"https:\/\/www.frigogroup.com\/wp-content\/uploads\/2017\/03\/vrieshuis_frigo_group14.jpeg\" alt=\"\" width=\"400\" height=\"571\" src=\"data:image\/gif;base64,R0lGODlhAQABAAAAACH5BAEKAAEALAAAAAABAAEAAAICTAEAOw==\" style=\"--smush-placeholder-width: 400px; --smush-placeholder-aspect-ratio: 400\/571;\" \/><noscript><img loading=\"lazy\" decoding=\"async\" class=\"aligncenter size-full wp-image-340\" src=\"https:\/\/www.frigogroup.com\/wp-content\/uploads\/2017\/03\/vrieshuis_frigo_group14.jpeg\" alt=\"\" width=\"400\" height=\"571\" \/><\/noscript><\/td>\n<\/tr>\n<tr>\n<td><\/td>\n<td><\/td>\n<\/tr>\n<\/tbody>\n<\/table>\n<p><strong>1979<\/strong><\/p>\n<p>Van Elderen breitet seine Aktivit\u00e4ten in den H\u00e4fen von Rotterdam und Amsterdam aus, indem er seinen Kunden ebenfalls das Be- und Entladen von Schiffen anbietet. Diese intensive Arbeit f\u00fchrt er mit eigenen L\u00f6schmannschaften aus. Die G\u00fcter, bestehend aus Fisch, Fleisch und Pommes sind lose gestapelt und m\u00fcssen manuell auf Paletten gebracht werden (siehe Foto rechts hier drunter). Auf dem linken Foto verl\u00e4sst er zusammen mit seiner Tochter Wil ein Schiff \u00fcber die Laufplanke. Die Ladung dieses Schiffes besteht aus Kartons mit tiefgefrorenen Kartoffelprodukten von McCain aus Canada.<\/p>\n<p>&nbsp;<\/p>\n<p>&nbsp;<\/p>\n<table border=\"0\" cellspacing=\"15\">\n<tbody>\n<tr>\n<td><img loading=\"lazy\" decoding=\"async\" class=\"aligncenter size-full wp-image-342 lazyload\" data-src=\"https:\/\/www.frigogroup.com\/wp-content\/uploads\/2017\/03\/vrieshuis_frigo_group_13.jpeg\" alt=\"\" width=\"500\" height=\"350\" src=\"data:image\/gif;base64,R0lGODlhAQABAAAAACH5BAEKAAEALAAAAAABAAEAAAICTAEAOw==\" style=\"--smush-placeholder-width: 500px; --smush-placeholder-aspect-ratio: 500\/350;\" \/><noscript><img loading=\"lazy\" decoding=\"async\" class=\"aligncenter size-full wp-image-342\" src=\"https:\/\/www.frigogroup.com\/wp-content\/uploads\/2017\/03\/vrieshuis_frigo_group_13.jpeg\" alt=\"\" width=\"500\" height=\"350\" \/><\/noscript><\/td>\n<td><img loading=\"lazy\" decoding=\"async\" class=\"aligncenter size-full wp-image-341 lazyload\" data-src=\"https:\/\/www.frigogroup.com\/wp-content\/uploads\/2017\/03\/vrieshuis_frigo_group12.jpeg\" alt=\"\" width=\"500\" height=\"350\" src=\"data:image\/gif;base64,R0lGODlhAQABAAAAACH5BAEKAAEALAAAAAABAAEAAAICTAEAOw==\" style=\"--smush-placeholder-width: 500px; --smush-placeholder-aspect-ratio: 500\/350;\" \/><noscript><img loading=\"lazy\" decoding=\"async\" class=\"aligncenter size-full wp-image-341\" src=\"https:\/\/www.frigogroup.com\/wp-content\/uploads\/2017\/03\/vrieshuis_frigo_group12.jpeg\" alt=\"\" width=\"500\" height=\"350\" \/><\/noscript><\/td>\n<\/tr>\n<\/tbody>\n<\/table>\n<p><strong>1982<\/strong><\/p>\n<p>Auch das K\u00fchlhaus in Rotterdam ist ein Erfolg, so dass es sehr schnell erweitert werden muss. 1982 wird zudem Koelveem Diepvries NV, der Nachbar und Konkurrent, \u00fcbernommen.<\/p>\n<p><strong>1983<\/strong><\/p>\n<p>\u2018Roerstreek\u2019 ist der Name des K\u00fchlhauses dass das Bau-Team von van Elderen in Roermond baut. Inzwischen hat er einige Kunden aus der Kartoffelverarbeitende Industrie dazugewonnen. Dies stimmt ihn zufrieden, weil: \u201cIch habe etwas mit dem Ackerbau. Ich bin praktisch immer Bauer geblieben.\u201d<\/p>\n<p>Van Elderen setzt mit Herzschmerz einen Punkt hinter die Zucht von Knollensellerie und roter Bete. Der grobe Gartenbau ist nicht l\u00e4nger zu kombinieren mit den vielen Arbeiten in den gut laufenden K\u00fchlh\u00e4usern in Nieuw-Vennep, Rotterdam und Roermond. Das rechte Foto zeigt van Elderen w\u00e4hrend der letzten Ernte auf seinem selbst entwickelten Erntetrecker wobei seine Frau Ank ihm assistiert.<\/p>\n<table border=\"0\" cellspacing=\"15\">\n<tbody>\n<tr>\n<td><img loading=\"lazy\" decoding=\"async\" class=\"aligncenter size-full wp-image-343 lazyload\" data-src=\"https:\/\/www.frigogroup.com\/wp-content\/uploads\/2017\/03\/vrieshuis_frigo_group_8.jpeg\" alt=\"\" width=\"500\" height=\"500\" src=\"data:image\/gif;base64,R0lGODlhAQABAAAAACH5BAEKAAEALAAAAAABAAEAAAICTAEAOw==\" style=\"--smush-placeholder-width: 500px; --smush-placeholder-aspect-ratio: 500\/500;\" \/><noscript><img loading=\"lazy\" decoding=\"async\" class=\"aligncenter size-full wp-image-343\" src=\"https:\/\/www.frigogroup.com\/wp-content\/uploads\/2017\/03\/vrieshuis_frigo_group_8.jpeg\" alt=\"\" width=\"500\" height=\"500\" \/><\/noscript><\/td>\n<td><img loading=\"lazy\" decoding=\"async\" class=\"aligncenter size-full wp-image-344 lazyload\" data-src=\"https:\/\/www.frigogroup.com\/wp-content\/uploads\/2017\/03\/vrieshuis_frigo_group15.jpeg\" alt=\"\" width=\"500\" height=\"350\" src=\"data:image\/gif;base64,R0lGODlhAQABAAAAACH5BAEKAAEALAAAAAABAAEAAAICTAEAOw==\" style=\"--smush-placeholder-width: 500px; --smush-placeholder-aspect-ratio: 500\/350;\" \/><noscript><img loading=\"lazy\" decoding=\"async\" class=\"aligncenter size-full wp-image-344\" src=\"https:\/\/www.frigogroup.com\/wp-content\/uploads\/2017\/03\/vrieshuis_frigo_group15.jpeg\" alt=\"\" width=\"500\" height=\"350\" \/><\/noscript><\/td>\n<\/tr>\n<\/tbody>\n<\/table>\n<p><strong>1988<\/strong><\/p>\n<p>Van Elderen verkauft seine K\u00fchlh\u00e4user in Rotterdam und Roermond an den japanischen Multinational Nichirei Corporation Tokyo. Der Grund? \u201c Der japanische Betrieb wollte festen Boden unter den F\u00fc\u00dfen haben hier in Europe und hatte da auch einen Preis f\u00fcr \u00fcbrig. Warum sollte ich dies verkrampft festhalten. \u201d Van Elderen h\u00e4lt das K\u00fchlhaus in Nieuw-Vennep aus der Transaktion raus. Die Japaner setzen als Bedingung das er f\u00fcnf Jahre lang keinerlei Initiativen mehr ausf\u00fchren darf auf dem Gebiet der Lagerung von Temperaturempfindlichen Produkten. Van Elderen wird sich hier dran halten. \u201cEine Absprache ist mir heilig. ein Mann, ein Wort.\u201d<\/p>\n<p><strong>1993<\/strong><\/p>\n<p>Ein gro\u00dfer Kartoffelverarbeitender Betrieb fragt van Elderen ob er ein K\u00fchlhaus im Osten des Landes realisieren kann. Er kann und die Wahl f\u00e4llt auf \u2019s-Heerenberg. Van Elderen und sein Bau-Team bauen auf dem Betriebsgel\u00e4nde De Immenhorst ein neues K\u00fchlhaus. Die t\u00e4gliche Leitung wird durch Wil van Elderen, die zweit\u00e4lteste Tochter des Ehepaares, und ihrem Mann Henk van Veen \u00fcbernommen. Margreet van Elderen, die j\u00fcngste Tochter, dr\u00fcckt einen immer gr\u00f6\u00dferen Stempel auf die Betriebsf\u00fchrung von Frigo Nieuw-Vennep. Auf dem Foto hier drunter posiert Henk van Veen mit Tochter G\u00e9raldine vor dem zuk\u00fcnftigen K\u00fchlhaus in \u2019s-Heerenberg.<\/p>\n<p><img loading=\"lazy\" decoding=\"async\" class=\"aligncenter size-full wp-image-345 lazyload\" data-src=\"https:\/\/www.frigogroup.com\/wp-content\/uploads\/2017\/03\/vrieshuis_frigo_group_16.jpeg\" alt=\"\" width=\"600\" height=\"420\" src=\"data:image\/gif;base64,R0lGODlhAQABAAAAACH5BAEKAAEALAAAAAABAAEAAAICTAEAOw==\" style=\"--smush-placeholder-width: 600px; --smush-placeholder-aspect-ratio: 600\/420;\" \/><noscript><img loading=\"lazy\" decoding=\"async\" class=\"aligncenter size-full wp-image-345\" src=\"https:\/\/www.frigogroup.com\/wp-content\/uploads\/2017\/03\/vrieshuis_frigo_group_16.jpeg\" alt=\"\" width=\"600\" height=\"420\" \/><\/noscript><\/p>\n<p><strong>1998<\/strong><\/p>\n<p><em>Van Elderen goes international<\/em>: Es werden K\u00fchlh\u00e4user in Lommel (Belgien) und Montigny-le-Roi (Frankreich) gebaut, die komplett auf die Lagerung von tiefgefrorenen Kartoffelprodukten ausgerichtet sind. Die t\u00e4gliche Leitung f\u00e4llt in H\u00e4nden von Reinier van Elderen, dem Sohn vom Ehepaar van Elderen-Parlevliet. Die ausl\u00e4ndischen K\u00fchlh\u00e4user operieren weiter unter dem Namen \u201cFrigologix\u201d.<\/p>\n<p><strong>1999<\/strong><\/p>\n<p>Margreet van Elderen \u00fcbernimmt das K\u00fchlhaus in Nieuw-Vennep, welches inzwischen eine Kapazit\u00e4t von 120.000 m3 hat. Der Name des K\u00fchlhauses wird \u2018Frigo Nieuw-Vennep\u2019. Ebenfalls zu der Frigo- Gruppe geh\u00f6rend, wird Frigo \u2019s-Heerenberg durch Wil van Elderen und Henk van Veen \u00fcbernommen. Das K\u00fchlhaus in \u2019s-Heerenberg w\u00e4chst stetig bis zu einer Kapazit\u00e4t von 170.000 m3.<\/p>\n<p><strong>2007<\/strong><\/p>\n<p>Mit Frigo Group Logistics kommt eine weitere Niederlassung zu der Frigo- Gruppe hinzu, welche sich in Abcoude befindet. Ab sofort kann die Frigo- Gruppe ihren Kunden eine Gesamtl\u00f6sung, in Form einer vollst\u00e4ndigen logistischen Abhandlung von tiefgefrorenen und \u00e4hnlichen G\u00fcterstr\u00f6men, bieten. Weil alle Niederlassungen \u00fcber ein Warehouse Management System (WMS) mit Barcode- Identifizierung verf\u00fcgen, ist \u201cTracking and Tracing\u201d ab sofort bis auf den einzelnen Karton garantiert.<\/p>\n<p><strong>2011<\/strong><\/p>\n<p>Durch das neue Logo und die neue Internetseite <a href=\"https:\/\/www.frigogroup.com\/\">www.frigogroup.com<\/a> bekommt die Frigo- Gruppe einen neuen Stil. Van Elderen bleibt der wichtigste Ratgeber der Frigo-Gruppe, welche sich im Sinne des Gr\u00fcnders und seiner Frau, sowohl bei der Lagerung als auch beim Transport von tiefgefrorenen Lebensmitteln weiterhin durch eine qualitativ hochwertige Dienstverleihung hervorhebt.<\/p>\n","protected":false},"excerpt":{"rendered":"<p>Betriebsgeschichte wird durch \u201cUnternehmerschaft\u201d und \u201cQualit\u00e4t\u201d gekennzeichnet Basis der Frigo- Gruppe wurde vor 40 Jahren gelegt Unternehmend, energisch, sozial bewegt, inspirierend und begeisternd. Dies sind einige Eigenschaften von Hein van Elderen ( geb. 1934), der Gr\u00fcnder der Frigo- Gruppe. Als Z\u00fcchter von Knollensellerie, nahm er im Jahre 1973 den Beschluss in Nieuw- Vennep ein K\u00fchlhaus&hellip;<\/p>\n","protected":false},"author":2,"featured_media":329,"comment_status":"closed","ping_status":"closed","sticky":false,"template":"","format":"standard","meta":{"footnotes":""},"categories":[9],"tags":[],"class_list":["post-1426","post","type-post","status-publish","format-standard","has-post-thumbnail","hentry","category-nachrichten"],"yoast_head":"<!-- This site is optimized with the Yoast SEO plugin v24.2 - https:\/\/yoast.com\/wordpress\/plugins\/seo\/ -->\n<title>Frigo 40 Jahre: Interview Gr\u00fcnder Hein van Elderen - Frigo Group<\/title>\n<meta name=\"robots\" content=\"index, follow, max-snippet:-1, max-image-preview:large, max-video-preview:-1\" \/>\n<link rel=\"canonical\" href=\"https:\/\/www.frigogroup.com\/nl\/nachrichten\/frigo-40-jahre-interview-grunder-hein-elderen\" \/>\n<meta property=\"og:locale\" content=\"nl_NL\" \/>\n<meta property=\"og:type\" content=\"article\" \/>\n<meta property=\"og:title\" content=\"Frigo 40 Jahre: Interview Gr\u00fcnder Hein van Elderen - Frigo Group\" \/>\n<meta property=\"og:description\" content=\"Betriebsgeschichte wird durch \u201cUnternehmerschaft\u201d und \u201cQualit\u00e4t\u201d gekennzeichnet Basis der Frigo- Gruppe wurde vor 40 Jahren gelegt Unternehmend, energisch, sozial bewegt, inspirierend und begeisternd. Dies sind einige Eigenschaften von Hein van Elderen ( geb. 1934), der Gr\u00fcnder der Frigo- Gruppe. Als Z\u00fcchter von Knollensellerie, nahm er im Jahre 1973 den Beschluss in Nieuw- Vennep ein K\u00fchlhaus&hellip;\" \/>\n<meta property=\"og:url\" content=\"https:\/\/www.frigogroup.com\/nl\/nachrichten\/frigo-40-jahre-interview-grunder-hein-elderen\" \/>\n<meta property=\"og:site_name\" content=\"Frigo Group\" \/>\n<meta property=\"article:published_time\" content=\"2013-04-10T08:58:18+00:00\" \/>\n<meta name=\"author\" content=\"admin-etopia\" \/>\n<meta name=\"twitter:card\" content=\"summary_large_image\" \/>\n<meta name=\"twitter:label1\" content=\"Geschreven door\" \/>\n\t<meta name=\"twitter:data1\" content=\"admin-etopia\" \/>\n\t<meta name=\"twitter:label2\" content=\"Geschatte leestijd\" \/>\n\t<meta name=\"twitter:data2\" content=\"9 minuten\" \/>\n<script type=\"application\/ld+json\" class=\"yoast-schema-graph\">{\"@context\":\"https:\/\/schema.org\",\"@graph\":[{\"@type\":\"WebPage\",\"@id\":\"https:\/\/www.frigogroup.com\/nl\/nachrichten\/frigo-40-jahre-interview-grunder-hein-elderen\",\"url\":\"https:\/\/www.frigogroup.com\/nl\/nachrichten\/frigo-40-jahre-interview-grunder-hein-elderen\",\"name\":\"Frigo 40 Jahre: Interview Gr\u00fcnder Hein van Elderen - Frigo Group\",\"isPartOf\":{\"@id\":\"https:\/\/www.frigogroup.com\/nl\/#website\"},\"primaryImageOfPage\":{\"@id\":\"https:\/\/www.frigogroup.com\/nl\/nachrichten\/frigo-40-jahre-interview-grunder-hein-elderen#primaryimage\"},\"image\":{\"@id\":\"https:\/\/www.frigogroup.com\/nl\/nachrichten\/frigo-40-jahre-interview-grunder-hein-elderen#primaryimage\"},\"thumbnailUrl\":\"\",\"datePublished\":\"2013-04-10T08:58:18+00:00\",\"dateModified\":\"2013-04-10T08:58:18+00:00\",\"author\":{\"@id\":\"https:\/\/www.frigogroup.com\/nl\/#\/schema\/person\/04ef811a14cdac94d4fdc3e4d23d389d\"},\"breadcrumb\":{\"@id\":\"https:\/\/www.frigogroup.com\/nl\/nachrichten\/frigo-40-jahre-interview-grunder-hein-elderen#breadcrumb\"},\"inLanguage\":\"nl-NL\",\"potentialAction\":[{\"@type\":\"ReadAction\",\"target\":[\"https:\/\/www.frigogroup.com\/nl\/nachrichten\/frigo-40-jahre-interview-grunder-hein-elderen\"]}]},{\"@type\":\"ImageObject\",\"inLanguage\":\"nl-NL\",\"@id\":\"https:\/\/www.frigogroup.com\/nl\/nachrichten\/frigo-40-jahre-interview-grunder-hein-elderen#primaryimage\",\"url\":\"\",\"contentUrl\":\"\"},{\"@type\":\"BreadcrumbList\",\"@id\":\"https:\/\/www.frigogroup.com\/nl\/nachrichten\/frigo-40-jahre-interview-grunder-hein-elderen#breadcrumb\",\"itemListElement\":[{\"@type\":\"ListItem\",\"position\":1,\"name\":\"Home\",\"item\":\"https:\/\/www.frigogroup.com\/nl\"},{\"@type\":\"ListItem\",\"position\":2,\"name\":\"Frigo 40 Jahre: Interview Gr\u00fcnder Hein van Elderen\"}]},{\"@type\":\"WebSite\",\"@id\":\"https:\/\/www.frigogroup.com\/nl\/#website\",\"url\":\"https:\/\/www.frigogroup.com\/nl\/\",\"name\":\"Frigo Group\",\"description\":\"Coldstore Facilities and Supply Chain Solutions\",\"potentialAction\":[{\"@type\":\"SearchAction\",\"target\":{\"@type\":\"EntryPoint\",\"urlTemplate\":\"https:\/\/www.frigogroup.com\/nl\/?s={search_term_string}\"},\"query-input\":{\"@type\":\"PropertyValueSpecification\",\"valueRequired\":true,\"valueName\":\"search_term_string\"}}],\"inLanguage\":\"nl-NL\"},{\"@type\":\"Person\",\"@id\":\"https:\/\/www.frigogroup.com\/nl\/#\/schema\/person\/04ef811a14cdac94d4fdc3e4d23d389d\",\"name\":\"admin-etopia\",\"image\":{\"@type\":\"ImageObject\",\"inLanguage\":\"nl-NL\",\"@id\":\"https:\/\/www.frigogroup.com\/nl\/#\/schema\/person\/image\/\",\"url\":\"https:\/\/secure.gravatar.com\/avatar\/b5d8cdafb31f8bc329d1de8eba9df534?s=96&d=mm&r=g\",\"contentUrl\":\"https:\/\/secure.gravatar.com\/avatar\/b5d8cdafb31f8bc329d1de8eba9df534?s=96&d=mm&r=g\",\"caption\":\"admin-etopia\"},\"url\":\"https:\/\/www.frigogroup.com\/nl\/author\/admin-etopia\"}]}<\/script>\n<!-- \/ Yoast SEO plugin. -->","yoast_head_json":{"title":"Frigo 40 Jahre: Interview Gr\u00fcnder Hein van Elderen - Frigo Group","robots":{"index":"index","follow":"follow","max-snippet":"max-snippet:-1","max-image-preview":"max-image-preview:large","max-video-preview":"max-video-preview:-1"},"canonical":"https:\/\/www.frigogroup.com\/nl\/nachrichten\/frigo-40-jahre-interview-grunder-hein-elderen","og_locale":"nl_NL","og_type":"article","og_title":"Frigo 40 Jahre: Interview Gr\u00fcnder Hein van Elderen - Frigo Group","og_description":"Betriebsgeschichte wird durch \u201cUnternehmerschaft\u201d und \u201cQualit\u00e4t\u201d gekennzeichnet Basis der Frigo- Gruppe wurde vor 40 Jahren gelegt Unternehmend, energisch, sozial bewegt, inspirierend und begeisternd. Dies sind einige Eigenschaften von Hein van Elderen ( geb. 1934), der Gr\u00fcnder der Frigo- Gruppe. Als Z\u00fcchter von Knollensellerie, nahm er im Jahre 1973 den Beschluss in Nieuw- Vennep ein K\u00fchlhaus&hellip;","og_url":"https:\/\/www.frigogroup.com\/nl\/nachrichten\/frigo-40-jahre-interview-grunder-hein-elderen","og_site_name":"Frigo Group","article_published_time":"2013-04-10T08:58:18+00:00","author":"admin-etopia","twitter_card":"summary_large_image","twitter_misc":{"Geschreven door":"admin-etopia","Geschatte leestijd":"9 minuten"},"schema":{"@context":"https:\/\/schema.org","@graph":[{"@type":"WebPage","@id":"https:\/\/www.frigogroup.com\/nl\/nachrichten\/frigo-40-jahre-interview-grunder-hein-elderen","url":"https:\/\/www.frigogroup.com\/nl\/nachrichten\/frigo-40-jahre-interview-grunder-hein-elderen","name":"Frigo 40 Jahre: Interview Gr\u00fcnder Hein van Elderen - Frigo Group","isPartOf":{"@id":"https:\/\/www.frigogroup.com\/nl\/#website"},"primaryImageOfPage":{"@id":"https:\/\/www.frigogroup.com\/nl\/nachrichten\/frigo-40-jahre-interview-grunder-hein-elderen#primaryimage"},"image":{"@id":"https:\/\/www.frigogroup.com\/nl\/nachrichten\/frigo-40-jahre-interview-grunder-hein-elderen#primaryimage"},"thumbnailUrl":"","datePublished":"2013-04-10T08:58:18+00:00","dateModified":"2013-04-10T08:58:18+00:00","author":{"@id":"https:\/\/www.frigogroup.com\/nl\/#\/schema\/person\/04ef811a14cdac94d4fdc3e4d23d389d"},"breadcrumb":{"@id":"https:\/\/www.frigogroup.com\/nl\/nachrichten\/frigo-40-jahre-interview-grunder-hein-elderen#breadcrumb"},"inLanguage":"nl-NL","potentialAction":[{"@type":"ReadAction","target":["https:\/\/www.frigogroup.com\/nl\/nachrichten\/frigo-40-jahre-interview-grunder-hein-elderen"]}]},{"@type":"ImageObject","inLanguage":"nl-NL","@id":"https:\/\/www.frigogroup.com\/nl\/nachrichten\/frigo-40-jahre-interview-grunder-hein-elderen#primaryimage","url":"","contentUrl":""},{"@type":"BreadcrumbList","@id":"https:\/\/www.frigogroup.com\/nl\/nachrichten\/frigo-40-jahre-interview-grunder-hein-elderen#breadcrumb","itemListElement":[{"@type":"ListItem","position":1,"name":"Home","item":"https:\/\/www.frigogroup.com\/nl"},{"@type":"ListItem","position":2,"name":"Frigo 40 Jahre: Interview Gr\u00fcnder Hein van Elderen"}]},{"@type":"WebSite","@id":"https:\/\/www.frigogroup.com\/nl\/#website","url":"https:\/\/www.frigogroup.com\/nl\/","name":"Frigo Group","description":"Coldstore Facilities and Supply Chain Solutions","potentialAction":[{"@type":"SearchAction","target":{"@type":"EntryPoint","urlTemplate":"https:\/\/www.frigogroup.com\/nl\/?s={search_term_string}"},"query-input":{"@type":"PropertyValueSpecification","valueRequired":true,"valueName":"search_term_string"}}],"inLanguage":"nl-NL"},{"@type":"Person","@id":"https:\/\/www.frigogroup.com\/nl\/#\/schema\/person\/04ef811a14cdac94d4fdc3e4d23d389d","name":"admin-etopia","image":{"@type":"ImageObject","inLanguage":"nl-NL","@id":"https:\/\/www.frigogroup.com\/nl\/#\/schema\/person\/image\/","url":"https:\/\/secure.gravatar.com\/avatar\/b5d8cdafb31f8bc329d1de8eba9df534?s=96&d=mm&r=g","contentUrl":"https:\/\/secure.gravatar.com\/avatar\/b5d8cdafb31f8bc329d1de8eba9df534?s=96&d=mm&r=g","caption":"admin-etopia"},"url":"https:\/\/www.frigogroup.com\/nl\/author\/admin-etopia"}]}},"_links":{"self":[{"href":"https:\/\/www.frigogroup.com\/nl\/wp-json\/wp\/v2\/posts\/1426","targetHints":{"allow":["GET"]}}],"collection":[{"href":"https:\/\/www.frigogroup.com\/nl\/wp-json\/wp\/v2\/posts"}],"about":[{"href":"https:\/\/www.frigogroup.com\/nl\/wp-json\/wp\/v2\/types\/post"}],"author":[{"embeddable":true,"href":"https:\/\/www.frigogroup.com\/nl\/wp-json\/wp\/v2\/users\/2"}],"replies":[{"embeddable":true,"href":"https:\/\/www.frigogroup.com\/nl\/wp-json\/wp\/v2\/comments?post=1426"}],"version-history":[{"count":0,"href":"https:\/\/www.frigogroup.com\/nl\/wp-json\/wp\/v2\/posts\/1426\/revisions"}],"wp:featuredmedia":[{"embeddable":true,"href":"https:\/\/www.frigogroup.com\/nl\/wp-json\/"}],"wp:attachment":[{"href":"https:\/\/www.frigogroup.com\/nl\/wp-json\/wp\/v2\/media?parent=1426"}],"wp:term":[{"taxonomy":"category","embeddable":true,"href":"https:\/\/www.frigogroup.com\/nl\/wp-json\/wp\/v2\/categories?post=1426"},{"taxonomy":"post_tag","embeddable":true,"href":"https:\/\/www.frigogroup.com\/nl\/wp-json\/wp\/v2\/tags?post=1426"}],"curies":[{"name":"wp","href":"https:\/\/api.w.org\/{rel}","templated":true}]}}