{"id":1424,"date":"2013-03-29T10:56:07","date_gmt":"2013-03-29T09:56:07","guid":{"rendered":"http:\/\/frigo.etopiadev.nl\/?p=1424"},"modified":"2013-03-29T10:56:07","modified_gmt":"2013-03-29T09:56:07","slug":"frigo-s-heerenberg-hegt-mitarbeiter-ersten-stunde","status":"publish","type":"post","link":"https:\/\/www.frigogroup.com\/nl\/nachrichten\/frigo-s-heerenberg-hegt-mitarbeiter-ersten-stunde","title":{"rendered":"Frigo &#8216;s-Heerenberg hegt Mitarbeiter der ersten Stunde"},"content":{"rendered":"<p><img loading=\"lazy\" decoding=\"async\" class=\"aligncenter wp-image-2075 size-full lazyload\" data-src=\"https:\/\/www.frigogroup.com\/wp-content\/uploads\/2013\/03\/vrieshuis_frigo_group_rene_van_zadelhoff_20_jaar_bij_frigo.jpeg\" alt=\"\" width=\"500\" height=\"409\" src=\"data:image\/gif;base64,R0lGODlhAQABAAAAACH5BAEKAAEALAAAAAABAAEAAAICTAEAOw==\" style=\"--smush-placeholder-width: 500px; --smush-placeholder-aspect-ratio: 500\/409;\" \/><noscript><img loading=\"lazy\" decoding=\"async\" class=\"aligncenter wp-image-2075 size-full\" src=\"https:\/\/www.frigogroup.com\/wp-content\/uploads\/2013\/03\/vrieshuis_frigo_group_rene_van_zadelhoff_20_jaar_bij_frigo.jpeg\" alt=\"\" width=\"500\" height=\"409\" \/><\/noscript><\/p>\n<p>Ein Kind des Betriebes. So beschreibt Ren\u00e9 van Zadelhoff (49) sich selbst.<\/p>\n<p>\u201cStell Dir vor: ich habe im Fr\u00fchjahr 1993 bei Frigo \u2019s-Heerenberg angefangen, als das Bauger\u00fcst f\u00fcr das K\u00fchlhaus noch nicht einmal stand. Buchst\u00e4blich: in den ersten Monaten habe ich unter Anderem gestrichen und Beton gegossen. Erst nach der Er\u00f6ffnung, am 1. Mai 1993, konnte ich echt loslegen in der Funktion f\u00fcr die ich mich beworben hatte, n\u00e4mlich K\u00fchlhaus- Lagerist.\u201d Am Freitag dem 29. M\u00e4rz 2013 wurde auf feierliche Wiese stillgestanden wegen der Tatsache dass Ren\u00e9 bereits 20 Jahre bei Frigo \u2019s-Heerenberg arbeitet. Wil und Henk van Veen haben f\u00fcr Torte und Blumen gesorgt und den neuen Stapler Ihres \u201cMitarbeiters der ersten Stunde\u201d verziert (siehe Foto)<\/p>\n<p><strong>\u00a0<\/strong><\/p>\n<p><strong>Eigenes Spezialgebiet<\/strong><\/p>\n<p>\u201cNach all den Jahren gef\u00e4llt es mir immer noch bei Frigo. Ich kenne den Betrieb in- und auswendig. \u00dcberall ist mal was aber wir haben ein gutes Team in dem man sehr gut arbeiten kann.\u201d Bei Frigo \u2019s-Heerenberg hat Ren\u00e9 sein eigenes Spezialgebiet: er ist vor Allem verantwortlich f\u00fcr die Be- und Entladung von Gefl\u00fcgelprodukten. \u201cDies ist ein Fall f\u00fcr sich, weil die Gefl\u00fcgelprodukte lose im Container angeliefert werden. Ich koordiniere die Palletisierung und versorge auch die Verladungen.\u201d<\/p>\n<p><strong>Sehr gesch\u00e4tzt<\/strong><\/p>\n<p>Und dies macht er gut und genau, versichert Wil van Veen. &#8220;Ren\u00e9 ist durch seine Erfahrung und seinen Einsatz ein sehr gesch\u00e4tzter Mitarbeiter von uns. Man kann Ihn nach zwei Wochen immer noch Fragen stellen von Verladungen die also zwei Wochen im Vorfeld stattgefunden haben. Er wei\u00df dann aus dem Kopf genau wie viel Kartons oder Paletten von einer bestimmten Sorte zum Bestimmungsort verladen wurden. Wir sind sehr zufrieden und schonend zu solchen Mitarbeitern.&#8221;<\/p>\n","protected":false},"excerpt":{"rendered":"<p>Ein Kind des Betriebes. So beschreibt Ren\u00e9 van Zadelhoff (49) sich selbst. \u201cStell Dir vor: ich habe im Fr\u00fchjahr 1993 bei Frigo \u2019s-Heerenberg angefangen, als das Bauger\u00fcst f\u00fcr das K\u00fchlhaus noch nicht einmal stand. Buchst\u00e4blich: in den ersten Monaten habe ich unter Anderem gestrichen und Beton gegossen. Erst nach der Er\u00f6ffnung, am 1. Mai 1993,&hellip;<\/p>\n","protected":false},"author":2,"featured_media":2075,"comment_status":"open","ping_status":"open","sticky":false,"template":"","format":"standard","meta":{"footnotes":""},"categories":[9],"tags":[],"class_list":["post-1424","post","type-post","status-publish","format-standard","has-post-thumbnail","hentry","category-nachrichten"],"yoast_head":"<!-- This site is optimized with the Yoast SEO plugin v24.2 - https:\/\/yoast.com\/wordpress\/plugins\/seo\/ -->\n<title>Frigo &#039;s-Heerenberg hegt Mitarbeiter der ersten Stunde - Frigo Group<\/title>\n<meta name=\"robots\" content=\"index, follow, max-snippet:-1, max-image-preview:large, max-video-preview:-1\" \/>\n<link rel=\"canonical\" href=\"https:\/\/www.frigogroup.com\/nl\/nachrichten\/frigo-s-heerenberg-hegt-mitarbeiter-ersten-stunde\" \/>\n<meta property=\"og:locale\" content=\"nl_NL\" \/>\n<meta property=\"og:type\" content=\"article\" \/>\n<meta property=\"og:title\" content=\"Frigo &#039;s-Heerenberg hegt Mitarbeiter der ersten Stunde - Frigo Group\" \/>\n<meta property=\"og:description\" content=\"Ein Kind des Betriebes. So beschreibt Ren\u00e9 van Zadelhoff (49) sich selbst. \u201cStell Dir vor: ich habe im Fr\u00fchjahr 1993 bei Frigo \u2019s-Heerenberg angefangen, als das Bauger\u00fcst f\u00fcr das K\u00fchlhaus noch nicht einmal stand. Buchst\u00e4blich: in den ersten Monaten habe ich unter Anderem gestrichen und Beton gegossen. Erst nach der Er\u00f6ffnung, am 1. Mai 1993,&hellip;\" \/>\n<meta property=\"og:url\" content=\"https:\/\/www.frigogroup.com\/nl\/nachrichten\/frigo-s-heerenberg-hegt-mitarbeiter-ersten-stunde\" \/>\n<meta property=\"og:site_name\" content=\"Frigo Group\" \/>\n<meta property=\"article:published_time\" content=\"2013-03-29T09:56:07+00:00\" \/>\n<meta property=\"og:image\" content=\"https:\/\/www.frigogroup.com\/wp-content\/uploads\/2013\/03\/vrieshuis_frigo_group_rene_van_zadelhoff_20_jaar_bij_frigo-1.jpeg\" \/>\n\t<meta property=\"og:image:width\" content=\"500\" \/>\n\t<meta property=\"og:image:height\" content=\"409\" \/>\n\t<meta property=\"og:image:type\" content=\"image\/jpeg\" \/>\n<meta name=\"author\" content=\"admin-etopia\" \/>\n<meta name=\"twitter:card\" content=\"summary_large_image\" \/>\n<meta name=\"twitter:label1\" content=\"Geschreven door\" \/>\n\t<meta name=\"twitter:data1\" content=\"admin-etopia\" \/>\n\t<meta name=\"twitter:label2\" content=\"Geschatte leestijd\" \/>\n\t<meta name=\"twitter:data2\" content=\"1 minuut\" \/>\n<script type=\"application\/ld+json\" class=\"yoast-schema-graph\">{\"@context\":\"https:\/\/schema.org\",\"@graph\":[{\"@type\":\"WebPage\",\"@id\":\"https:\/\/www.frigogroup.com\/nl\/nachrichten\/frigo-s-heerenberg-hegt-mitarbeiter-ersten-stunde\",\"url\":\"https:\/\/www.frigogroup.com\/nl\/nachrichten\/frigo-s-heerenberg-hegt-mitarbeiter-ersten-stunde\",\"name\":\"Frigo 's-Heerenberg hegt Mitarbeiter der ersten Stunde - Frigo Group\",\"isPartOf\":{\"@id\":\"https:\/\/www.frigogroup.com\/nl\/#website\"},\"primaryImageOfPage\":{\"@id\":\"https:\/\/www.frigogroup.com\/nl\/nachrichten\/frigo-s-heerenberg-hegt-mitarbeiter-ersten-stunde#primaryimage\"},\"image\":{\"@id\":\"https:\/\/www.frigogroup.com\/nl\/nachrichten\/frigo-s-heerenberg-hegt-mitarbeiter-ersten-stunde#primaryimage\"},\"thumbnailUrl\":\"https:\/\/www.frigogroup.com\/wp-content\/uploads\/2013\/03\/vrieshuis_frigo_group_rene_van_zadelhoff_20_jaar_bij_frigo-1.jpeg\",\"datePublished\":\"2013-03-29T09:56:07+00:00\",\"dateModified\":\"2013-03-29T09:56:07+00:00\",\"author\":{\"@id\":\"https:\/\/www.frigogroup.com\/nl\/#\/schema\/person\/04ef811a14cdac94d4fdc3e4d23d389d\"},\"breadcrumb\":{\"@id\":\"https:\/\/www.frigogroup.com\/nl\/nachrichten\/frigo-s-heerenberg-hegt-mitarbeiter-ersten-stunde#breadcrumb\"},\"inLanguage\":\"nl-NL\",\"potentialAction\":[{\"@type\":\"ReadAction\",\"target\":[\"https:\/\/www.frigogroup.com\/nl\/nachrichten\/frigo-s-heerenberg-hegt-mitarbeiter-ersten-stunde\"]}]},{\"@type\":\"ImageObject\",\"inLanguage\":\"nl-NL\",\"@id\":\"https:\/\/www.frigogroup.com\/nl\/nachrichten\/frigo-s-heerenberg-hegt-mitarbeiter-ersten-stunde#primaryimage\",\"url\":\"https:\/\/www.frigogroup.com\/wp-content\/uploads\/2013\/03\/vrieshuis_frigo_group_rene_van_zadelhoff_20_jaar_bij_frigo-1.jpeg\",\"contentUrl\":\"https:\/\/www.frigogroup.com\/wp-content\/uploads\/2013\/03\/vrieshuis_frigo_group_rene_van_zadelhoff_20_jaar_bij_frigo-1.jpeg\",\"width\":500,\"height\":409},{\"@type\":\"BreadcrumbList\",\"@id\":\"https:\/\/www.frigogroup.com\/nl\/nachrichten\/frigo-s-heerenberg-hegt-mitarbeiter-ersten-stunde#breadcrumb\",\"itemListElement\":[{\"@type\":\"ListItem\",\"position\":1,\"name\":\"Home\",\"item\":\"https:\/\/www.frigogroup.com\/nl\"},{\"@type\":\"ListItem\",\"position\":2,\"name\":\"Frigo &#8216;s-Heerenberg hegt Mitarbeiter der ersten Stunde\"}]},{\"@type\":\"WebSite\",\"@id\":\"https:\/\/www.frigogroup.com\/nl\/#website\",\"url\":\"https:\/\/www.frigogroup.com\/nl\/\",\"name\":\"Frigo Group\",\"description\":\"Coldstore Facilities and Supply Chain Solutions\",\"potentialAction\":[{\"@type\":\"SearchAction\",\"target\":{\"@type\":\"EntryPoint\",\"urlTemplate\":\"https:\/\/www.frigogroup.com\/nl\/?s={search_term_string}\"},\"query-input\":{\"@type\":\"PropertyValueSpecification\",\"valueRequired\":true,\"valueName\":\"search_term_string\"}}],\"inLanguage\":\"nl-NL\"},{\"@type\":\"Person\",\"@id\":\"https:\/\/www.frigogroup.com\/nl\/#\/schema\/person\/04ef811a14cdac94d4fdc3e4d23d389d\",\"name\":\"admin-etopia\",\"image\":{\"@type\":\"ImageObject\",\"inLanguage\":\"nl-NL\",\"@id\":\"https:\/\/www.frigogroup.com\/nl\/#\/schema\/person\/image\/\",\"url\":\"https:\/\/secure.gravatar.com\/avatar\/b5d8cdafb31f8bc329d1de8eba9df534?s=96&d=mm&r=g\",\"contentUrl\":\"https:\/\/secure.gravatar.com\/avatar\/b5d8cdafb31f8bc329d1de8eba9df534?s=96&d=mm&r=g\",\"caption\":\"admin-etopia\"},\"url\":\"https:\/\/www.frigogroup.com\/nl\/author\/admin-etopia\"}]}<\/script>\n<!-- \/ Yoast SEO plugin. -->","yoast_head_json":{"title":"Frigo 's-Heerenberg hegt Mitarbeiter der ersten Stunde - Frigo Group","robots":{"index":"index","follow":"follow","max-snippet":"max-snippet:-1","max-image-preview":"max-image-preview:large","max-video-preview":"max-video-preview:-1"},"canonical":"https:\/\/www.frigogroup.com\/nl\/nachrichten\/frigo-s-heerenberg-hegt-mitarbeiter-ersten-stunde","og_locale":"nl_NL","og_type":"article","og_title":"Frigo 's-Heerenberg hegt Mitarbeiter der ersten Stunde - Frigo Group","og_description":"Ein Kind des Betriebes. So beschreibt Ren\u00e9 van Zadelhoff (49) sich selbst. \u201cStell Dir vor: ich habe im Fr\u00fchjahr 1993 bei Frigo \u2019s-Heerenberg angefangen, als das Bauger\u00fcst f\u00fcr das K\u00fchlhaus noch nicht einmal stand. Buchst\u00e4blich: in den ersten Monaten habe ich unter Anderem gestrichen und Beton gegossen. Erst nach der Er\u00f6ffnung, am 1. Mai 1993,&hellip;","og_url":"https:\/\/www.frigogroup.com\/nl\/nachrichten\/frigo-s-heerenberg-hegt-mitarbeiter-ersten-stunde","og_site_name":"Frigo Group","article_published_time":"2013-03-29T09:56:07+00:00","og_image":[{"width":500,"height":409,"url":"https:\/\/www.frigogroup.com\/wp-content\/uploads\/2013\/03\/vrieshuis_frigo_group_rene_van_zadelhoff_20_jaar_bij_frigo-1.jpeg","type":"image\/jpeg"}],"author":"admin-etopia","twitter_card":"summary_large_image","twitter_misc":{"Geschreven door":"admin-etopia","Geschatte leestijd":"1 minuut"},"schema":{"@context":"https:\/\/schema.org","@graph":[{"@type":"WebPage","@id":"https:\/\/www.frigogroup.com\/nl\/nachrichten\/frigo-s-heerenberg-hegt-mitarbeiter-ersten-stunde","url":"https:\/\/www.frigogroup.com\/nl\/nachrichten\/frigo-s-heerenberg-hegt-mitarbeiter-ersten-stunde","name":"Frigo 's-Heerenberg hegt Mitarbeiter der ersten Stunde - Frigo Group","isPartOf":{"@id":"https:\/\/www.frigogroup.com\/nl\/#website"},"primaryImageOfPage":{"@id":"https:\/\/www.frigogroup.com\/nl\/nachrichten\/frigo-s-heerenberg-hegt-mitarbeiter-ersten-stunde#primaryimage"},"image":{"@id":"https:\/\/www.frigogroup.com\/nl\/nachrichten\/frigo-s-heerenberg-hegt-mitarbeiter-ersten-stunde#primaryimage"},"thumbnailUrl":"https:\/\/www.frigogroup.com\/wp-content\/uploads\/2013\/03\/vrieshuis_frigo_group_rene_van_zadelhoff_20_jaar_bij_frigo-1.jpeg","datePublished":"2013-03-29T09:56:07+00:00","dateModified":"2013-03-29T09:56:07+00:00","author":{"@id":"https:\/\/www.frigogroup.com\/nl\/#\/schema\/person\/04ef811a14cdac94d4fdc3e4d23d389d"},"breadcrumb":{"@id":"https:\/\/www.frigogroup.com\/nl\/nachrichten\/frigo-s-heerenberg-hegt-mitarbeiter-ersten-stunde#breadcrumb"},"inLanguage":"nl-NL","potentialAction":[{"@type":"ReadAction","target":["https:\/\/www.frigogroup.com\/nl\/nachrichten\/frigo-s-heerenberg-hegt-mitarbeiter-ersten-stunde"]}]},{"@type":"ImageObject","inLanguage":"nl-NL","@id":"https:\/\/www.frigogroup.com\/nl\/nachrichten\/frigo-s-heerenberg-hegt-mitarbeiter-ersten-stunde#primaryimage","url":"https:\/\/www.frigogroup.com\/wp-content\/uploads\/2013\/03\/vrieshuis_frigo_group_rene_van_zadelhoff_20_jaar_bij_frigo-1.jpeg","contentUrl":"https:\/\/www.frigogroup.com\/wp-content\/uploads\/2013\/03\/vrieshuis_frigo_group_rene_van_zadelhoff_20_jaar_bij_frigo-1.jpeg","width":500,"height":409},{"@type":"BreadcrumbList","@id":"https:\/\/www.frigogroup.com\/nl\/nachrichten\/frigo-s-heerenberg-hegt-mitarbeiter-ersten-stunde#breadcrumb","itemListElement":[{"@type":"ListItem","position":1,"name":"Home","item":"https:\/\/www.frigogroup.com\/nl"},{"@type":"ListItem","position":2,"name":"Frigo &#8216;s-Heerenberg hegt Mitarbeiter der ersten Stunde"}]},{"@type":"WebSite","@id":"https:\/\/www.frigogroup.com\/nl\/#website","url":"https:\/\/www.frigogroup.com\/nl\/","name":"Frigo Group","description":"Coldstore Facilities and Supply Chain Solutions","potentialAction":[{"@type":"SearchAction","target":{"@type":"EntryPoint","urlTemplate":"https:\/\/www.frigogroup.com\/nl\/?s={search_term_string}"},"query-input":{"@type":"PropertyValueSpecification","valueRequired":true,"valueName":"search_term_string"}}],"inLanguage":"nl-NL"},{"@type":"Person","@id":"https:\/\/www.frigogroup.com\/nl\/#\/schema\/person\/04ef811a14cdac94d4fdc3e4d23d389d","name":"admin-etopia","image":{"@type":"ImageObject","inLanguage":"nl-NL","@id":"https:\/\/www.frigogroup.com\/nl\/#\/schema\/person\/image\/","url":"https:\/\/secure.gravatar.com\/avatar\/b5d8cdafb31f8bc329d1de8eba9df534?s=96&d=mm&r=g","contentUrl":"https:\/\/secure.gravatar.com\/avatar\/b5d8cdafb31f8bc329d1de8eba9df534?s=96&d=mm&r=g","caption":"admin-etopia"},"url":"https:\/\/www.frigogroup.com\/nl\/author\/admin-etopia"}]}},"_links":{"self":[{"href":"https:\/\/www.frigogroup.com\/nl\/wp-json\/wp\/v2\/posts\/1424","targetHints":{"allow":["GET"]}}],"collection":[{"href":"https:\/\/www.frigogroup.com\/nl\/wp-json\/wp\/v2\/posts"}],"about":[{"href":"https:\/\/www.frigogroup.com\/nl\/wp-json\/wp\/v2\/types\/post"}],"author":[{"embeddable":true,"href":"https:\/\/www.frigogroup.com\/nl\/wp-json\/wp\/v2\/users\/2"}],"replies":[{"embeddable":true,"href":"https:\/\/www.frigogroup.com\/nl\/wp-json\/wp\/v2\/comments?post=1424"}],"version-history":[{"count":0,"href":"https:\/\/www.frigogroup.com\/nl\/wp-json\/wp\/v2\/posts\/1424\/revisions"}],"wp:featuredmedia":[{"embeddable":true,"href":"https:\/\/www.frigogroup.com\/nl\/wp-json\/wp\/v2\/media\/2075"}],"wp:attachment":[{"href":"https:\/\/www.frigogroup.com\/nl\/wp-json\/wp\/v2\/media?parent=1424"}],"wp:term":[{"taxonomy":"category","embeddable":true,"href":"https:\/\/www.frigogroup.com\/nl\/wp-json\/wp\/v2\/categories?post=1424"},{"taxonomy":"post_tag","embeddable":true,"href":"https:\/\/www.frigogroup.com\/nl\/wp-json\/wp\/v2\/tags?post=1424"}],"curies":[{"name":"wp","href":"https:\/\/api.w.org\/{rel}","templated":true}]}}