{"id":1405,"date":"2012-03-01T10:31:46","date_gmt":"2012-03-01T09:31:46","guid":{"rendered":"http:\/\/frigo.etopiadev.nl\/?p=1405"},"modified":"2012-03-01T10:31:46","modified_gmt":"2012-03-01T09:31:46","slug":"extra-etage-gibt-frigo-s-heerenberg-eine-neue-erscheinung","status":"publish","type":"post","link":"https:\/\/www.frigogroup.com\/nl\/nachrichten\/extra-etage-gibt-frigo-s-heerenberg-eine-neue-erscheinung","title":{"rendered":"Extra Etage gibt Frigo \u2019s-Heerenberg eine neue Erscheinung"},"content":{"rendered":"<p><img loading=\"lazy\" decoding=\"async\" class=\"alignright size-full wp-image-288 lazyload\" data-src=\"https:\/\/www.frigogroup.com\/wp-content\/uploads\/2017\/03\/vrieshuis_frigo_group_nieuwbouw_kantoor__af_7-3-12_met_kantine.jpeg\" alt=\"\" width=\"688\" height=\"516\" src=\"data:image\/gif;base64,R0lGODlhAQABAAAAACH5BAEKAAEALAAAAAABAAEAAAICTAEAOw==\" style=\"--smush-placeholder-width: 688px; --smush-placeholder-aspect-ratio: 688\/516;\" \/><noscript><img loading=\"lazy\" decoding=\"async\" class=\"alignright size-full wp-image-288\" src=\"https:\/\/www.frigogroup.com\/wp-content\/uploads\/2017\/03\/vrieshuis_frigo_group_nieuwbouw_kantoor__af_7-3-12_met_kantine.jpeg\" alt=\"\" width=\"688\" height=\"516\" \/><\/noscript><\/p>\n<p>Mit zwei Wochen Versp\u00e4tung, verursacht durch das winterliche Wetter, hat Frigo \u2019s-Heerenberg Anfang Februar das neue B\u00fcro in Gebrauch genommen. Das B\u00fcro des K\u00fchlhauses in der \u201cAchterhoek\u201d ist nun mit einem zweiten Stockwerk und einer Nutzfl\u00e4che von ca. 110 Quadratmetern versehen. Die Erweiterung wurde von \u201cRaaklijn\u201d Architekten aus Eibergen entworfen und hat der Frigo- Niederlassung unverkennbar mehr Format gegeben. Die Ausbreitung war n\u00f6tig weil die Anzahl der Kunden des K\u00fchlhauses eine strukturelle Zunahme aufweist. Mit dem Volumen das Frigo verarbeitet nehmen \u00fcberdies auch die B\u00fcroarbeiten zu, f\u00fcr die es nun gen\u00fcgend Platz gibt. Die Fotos geben einen sch\u00f6nen Eindruck von dem erneuerten B\u00fcrobereich des K\u00fchlhauses, welches unter anderem Aviko, Mc Cain und Golden Foods Siam als Kunden hat.<\/p>\n<p><img loading=\"lazy\" decoding=\"async\" class=\"alignright size-full wp-image-287 lazyload\" data-src=\"https:\/\/www.frigogroup.com\/wp-content\/uploads\/2017\/03\/vrieshuis_frigo_group_nieuwbouw_af_7-3-12_met_machinekamer.jpeg\" alt=\"\" width=\"688\" height=\"387\" src=\"data:image\/gif;base64,R0lGODlhAQABAAAAACH5BAEKAAEALAAAAAABAAEAAAICTAEAOw==\" style=\"--smush-placeholder-width: 688px; --smush-placeholder-aspect-ratio: 688\/387;\" \/><noscript><img loading=\"lazy\" decoding=\"async\" class=\"alignright size-full wp-image-287\" src=\"https:\/\/www.frigogroup.com\/wp-content\/uploads\/2017\/03\/vrieshuis_frigo_group_nieuwbouw_af_7-3-12_met_machinekamer.jpeg\" alt=\"\" width=\"688\" height=\"387\" \/><\/noscript><\/p>\n","protected":false},"excerpt":{"rendered":"<p>Mit zwei Wochen Versp\u00e4tung, verursacht durch das winterliche Wetter, hat Frigo \u2019s-Heerenberg Anfang Februar das neue B\u00fcro in Gebrauch genommen. Das B\u00fcro des K\u00fchlhauses in der \u201cAchterhoek\u201d ist nun mit einem zweiten Stockwerk und einer Nutzfl\u00e4che von ca. 110 Quadratmetern versehen. Die Erweiterung wurde von \u201cRaaklijn\u201d Architekten aus Eibergen entworfen und hat der Frigo- Niederlassung&hellip;<\/p>\n","protected":false},"author":2,"featured_media":288,"comment_status":"open","ping_status":"open","sticky":false,"template":"","format":"standard","meta":{"footnotes":""},"categories":[9],"tags":[],"class_list":["post-1405","post","type-post","status-publish","format-standard","has-post-thumbnail","hentry","category-nachrichten"],"yoast_head":"<!-- This site is optimized with the Yoast SEO plugin v24.2 - https:\/\/yoast.com\/wordpress\/plugins\/seo\/ -->\n<title>Extra Etage gibt Frigo \u2019s-Heerenberg eine neue Erscheinung - Frigo Group<\/title>\n<meta name=\"robots\" content=\"index, follow, max-snippet:-1, max-image-preview:large, max-video-preview:-1\" \/>\n<link rel=\"canonical\" href=\"https:\/\/www.frigogroup.com\/nl\/nachrichten\/extra-etage-gibt-frigo-s-heerenberg-eine-neue-erscheinung\" \/>\n<meta property=\"og:locale\" content=\"nl_NL\" \/>\n<meta property=\"og:type\" content=\"article\" \/>\n<meta property=\"og:title\" content=\"Extra Etage gibt Frigo \u2019s-Heerenberg eine neue Erscheinung - Frigo Group\" \/>\n<meta property=\"og:description\" content=\"Mit zwei Wochen Versp\u00e4tung, verursacht durch das winterliche Wetter, hat Frigo \u2019s-Heerenberg Anfang Februar das neue B\u00fcro in Gebrauch genommen. Das B\u00fcro des K\u00fchlhauses in der \u201cAchterhoek\u201d ist nun mit einem zweiten Stockwerk und einer Nutzfl\u00e4che von ca. 110 Quadratmetern versehen. Die Erweiterung wurde von \u201cRaaklijn\u201d Architekten aus Eibergen entworfen und hat der Frigo- Niederlassung&hellip;\" \/>\n<meta property=\"og:url\" content=\"https:\/\/www.frigogroup.com\/nl\/nachrichten\/extra-etage-gibt-frigo-s-heerenberg-eine-neue-erscheinung\" \/>\n<meta property=\"og:site_name\" content=\"Frigo Group\" \/>\n<meta property=\"article:published_time\" content=\"2012-03-01T09:31:46+00:00\" \/>\n<meta property=\"og:image\" content=\"https:\/\/www.frigogroup.com\/wp-content\/uploads\/2021\/04\/vrieshuis_frigo_group_10.jpeg\" \/>\n\t<meta property=\"og:image:width\" content=\"400\" \/>\n\t<meta property=\"og:image:height\" content=\"571\" \/>\n\t<meta property=\"og:image:type\" content=\"image\/jpeg\" \/>\n<meta name=\"author\" content=\"admin-etopia\" \/>\n<meta name=\"twitter:card\" content=\"summary_large_image\" \/>\n<meta name=\"twitter:label1\" content=\"Geschreven door\" \/>\n\t<meta name=\"twitter:data1\" content=\"admin-etopia\" \/>\n\t<meta name=\"twitter:label2\" content=\"Geschatte leestijd\" \/>\n\t<meta name=\"twitter:data2\" content=\"1 minuut\" \/>\n<script type=\"application\/ld+json\" class=\"yoast-schema-graph\">{\"@context\":\"https:\/\/schema.org\",\"@graph\":[{\"@type\":\"WebPage\",\"@id\":\"https:\/\/www.frigogroup.com\/nl\/nachrichten\/extra-etage-gibt-frigo-s-heerenberg-eine-neue-erscheinung\",\"url\":\"https:\/\/www.frigogroup.com\/nl\/nachrichten\/extra-etage-gibt-frigo-s-heerenberg-eine-neue-erscheinung\",\"name\":\"Extra Etage gibt Frigo \u2019s-Heerenberg eine neue Erscheinung - Frigo Group\",\"isPartOf\":{\"@id\":\"https:\/\/www.frigogroup.com\/nl\/#website\"},\"primaryImageOfPage\":{\"@id\":\"https:\/\/www.frigogroup.com\/nl\/nachrichten\/extra-etage-gibt-frigo-s-heerenberg-eine-neue-erscheinung#primaryimage\"},\"image\":{\"@id\":\"https:\/\/www.frigogroup.com\/nl\/nachrichten\/extra-etage-gibt-frigo-s-heerenberg-eine-neue-erscheinung#primaryimage\"},\"thumbnailUrl\":\"https:\/\/www.frigogroup.com\/wp-content\/uploads\/2021\/04\/vrieshuis_frigo_group_10.jpeg\",\"datePublished\":\"2012-03-01T09:31:46+00:00\",\"dateModified\":\"2012-03-01T09:31:46+00:00\",\"author\":{\"@id\":\"https:\/\/www.frigogroup.com\/nl\/#\/schema\/person\/04ef811a14cdac94d4fdc3e4d23d389d\"},\"breadcrumb\":{\"@id\":\"https:\/\/www.frigogroup.com\/nl\/nachrichten\/extra-etage-gibt-frigo-s-heerenberg-eine-neue-erscheinung#breadcrumb\"},\"inLanguage\":\"nl-NL\",\"potentialAction\":[{\"@type\":\"ReadAction\",\"target\":[\"https:\/\/www.frigogroup.com\/nl\/nachrichten\/extra-etage-gibt-frigo-s-heerenberg-eine-neue-erscheinung\"]}]},{\"@type\":\"ImageObject\",\"inLanguage\":\"nl-NL\",\"@id\":\"https:\/\/www.frigogroup.com\/nl\/nachrichten\/extra-etage-gibt-frigo-s-heerenberg-eine-neue-erscheinung#primaryimage\",\"url\":\"https:\/\/www.frigogroup.com\/wp-content\/uploads\/2021\/04\/vrieshuis_frigo_group_10.jpeg\",\"contentUrl\":\"https:\/\/www.frigogroup.com\/wp-content\/uploads\/2021\/04\/vrieshuis_frigo_group_10.jpeg\",\"width\":400,\"height\":571},{\"@type\":\"BreadcrumbList\",\"@id\":\"https:\/\/www.frigogroup.com\/nl\/nachrichten\/extra-etage-gibt-frigo-s-heerenberg-eine-neue-erscheinung#breadcrumb\",\"itemListElement\":[{\"@type\":\"ListItem\",\"position\":1,\"name\":\"Home\",\"item\":\"https:\/\/www.frigogroup.com\/nl\"},{\"@type\":\"ListItem\",\"position\":2,\"name\":\"Extra Etage gibt Frigo \u2019s-Heerenberg eine neue Erscheinung\"}]},{\"@type\":\"WebSite\",\"@id\":\"https:\/\/www.frigogroup.com\/nl\/#website\",\"url\":\"https:\/\/www.frigogroup.com\/nl\/\",\"name\":\"Frigo Group\",\"description\":\"Coldstore Facilities and Supply Chain Solutions\",\"potentialAction\":[{\"@type\":\"SearchAction\",\"target\":{\"@type\":\"EntryPoint\",\"urlTemplate\":\"https:\/\/www.frigogroup.com\/nl\/?s={search_term_string}\"},\"query-input\":{\"@type\":\"PropertyValueSpecification\",\"valueRequired\":true,\"valueName\":\"search_term_string\"}}],\"inLanguage\":\"nl-NL\"},{\"@type\":\"Person\",\"@id\":\"https:\/\/www.frigogroup.com\/nl\/#\/schema\/person\/04ef811a14cdac94d4fdc3e4d23d389d\",\"name\":\"admin-etopia\",\"image\":{\"@type\":\"ImageObject\",\"inLanguage\":\"nl-NL\",\"@id\":\"https:\/\/www.frigogroup.com\/nl\/#\/schema\/person\/image\/\",\"url\":\"https:\/\/secure.gravatar.com\/avatar\/b5d8cdafb31f8bc329d1de8eba9df534?s=96&d=mm&r=g\",\"contentUrl\":\"https:\/\/secure.gravatar.com\/avatar\/b5d8cdafb31f8bc329d1de8eba9df534?s=96&d=mm&r=g\",\"caption\":\"admin-etopia\"},\"url\":\"https:\/\/www.frigogroup.com\/nl\/author\/admin-etopia\"}]}<\/script>\n<!-- \/ Yoast SEO plugin. -->","yoast_head_json":{"title":"Extra Etage gibt Frigo \u2019s-Heerenberg eine neue Erscheinung - Frigo Group","robots":{"index":"index","follow":"follow","max-snippet":"max-snippet:-1","max-image-preview":"max-image-preview:large","max-video-preview":"max-video-preview:-1"},"canonical":"https:\/\/www.frigogroup.com\/nl\/nachrichten\/extra-etage-gibt-frigo-s-heerenberg-eine-neue-erscheinung","og_locale":"nl_NL","og_type":"article","og_title":"Extra Etage gibt Frigo \u2019s-Heerenberg eine neue Erscheinung - Frigo Group","og_description":"Mit zwei Wochen Versp\u00e4tung, verursacht durch das winterliche Wetter, hat Frigo \u2019s-Heerenberg Anfang Februar das neue B\u00fcro in Gebrauch genommen. Das B\u00fcro des K\u00fchlhauses in der \u201cAchterhoek\u201d ist nun mit einem zweiten Stockwerk und einer Nutzfl\u00e4che von ca. 110 Quadratmetern versehen. Die Erweiterung wurde von \u201cRaaklijn\u201d Architekten aus Eibergen entworfen und hat der Frigo- Niederlassung&hellip;","og_url":"https:\/\/www.frigogroup.com\/nl\/nachrichten\/extra-etage-gibt-frigo-s-heerenberg-eine-neue-erscheinung","og_site_name":"Frigo Group","article_published_time":"2012-03-01T09:31:46+00:00","og_image":[{"width":400,"height":571,"url":"https:\/\/www.frigogroup.com\/wp-content\/uploads\/2021\/04\/vrieshuis_frigo_group_10.jpeg","type":"image\/jpeg"}],"author":"admin-etopia","twitter_card":"summary_large_image","twitter_misc":{"Geschreven door":"admin-etopia","Geschatte leestijd":"1 minuut"},"schema":{"@context":"https:\/\/schema.org","@graph":[{"@type":"WebPage","@id":"https:\/\/www.frigogroup.com\/nl\/nachrichten\/extra-etage-gibt-frigo-s-heerenberg-eine-neue-erscheinung","url":"https:\/\/www.frigogroup.com\/nl\/nachrichten\/extra-etage-gibt-frigo-s-heerenberg-eine-neue-erscheinung","name":"Extra Etage gibt Frigo \u2019s-Heerenberg eine neue Erscheinung - Frigo Group","isPartOf":{"@id":"https:\/\/www.frigogroup.com\/nl\/#website"},"primaryImageOfPage":{"@id":"https:\/\/www.frigogroup.com\/nl\/nachrichten\/extra-etage-gibt-frigo-s-heerenberg-eine-neue-erscheinung#primaryimage"},"image":{"@id":"https:\/\/www.frigogroup.com\/nl\/nachrichten\/extra-etage-gibt-frigo-s-heerenberg-eine-neue-erscheinung#primaryimage"},"thumbnailUrl":"https:\/\/www.frigogroup.com\/wp-content\/uploads\/2021\/04\/vrieshuis_frigo_group_10.jpeg","datePublished":"2012-03-01T09:31:46+00:00","dateModified":"2012-03-01T09:31:46+00:00","author":{"@id":"https:\/\/www.frigogroup.com\/nl\/#\/schema\/person\/04ef811a14cdac94d4fdc3e4d23d389d"},"breadcrumb":{"@id":"https:\/\/www.frigogroup.com\/nl\/nachrichten\/extra-etage-gibt-frigo-s-heerenberg-eine-neue-erscheinung#breadcrumb"},"inLanguage":"nl-NL","potentialAction":[{"@type":"ReadAction","target":["https:\/\/www.frigogroup.com\/nl\/nachrichten\/extra-etage-gibt-frigo-s-heerenberg-eine-neue-erscheinung"]}]},{"@type":"ImageObject","inLanguage":"nl-NL","@id":"https:\/\/www.frigogroup.com\/nl\/nachrichten\/extra-etage-gibt-frigo-s-heerenberg-eine-neue-erscheinung#primaryimage","url":"https:\/\/www.frigogroup.com\/wp-content\/uploads\/2021\/04\/vrieshuis_frigo_group_10.jpeg","contentUrl":"https:\/\/www.frigogroup.com\/wp-content\/uploads\/2021\/04\/vrieshuis_frigo_group_10.jpeg","width":400,"height":571},{"@type":"BreadcrumbList","@id":"https:\/\/www.frigogroup.com\/nl\/nachrichten\/extra-etage-gibt-frigo-s-heerenberg-eine-neue-erscheinung#breadcrumb","itemListElement":[{"@type":"ListItem","position":1,"name":"Home","item":"https:\/\/www.frigogroup.com\/nl"},{"@type":"ListItem","position":2,"name":"Extra Etage gibt Frigo \u2019s-Heerenberg eine neue Erscheinung"}]},{"@type":"WebSite","@id":"https:\/\/www.frigogroup.com\/nl\/#website","url":"https:\/\/www.frigogroup.com\/nl\/","name":"Frigo Group","description":"Coldstore Facilities and Supply Chain Solutions","potentialAction":[{"@type":"SearchAction","target":{"@type":"EntryPoint","urlTemplate":"https:\/\/www.frigogroup.com\/nl\/?s={search_term_string}"},"query-input":{"@type":"PropertyValueSpecification","valueRequired":true,"valueName":"search_term_string"}}],"inLanguage":"nl-NL"},{"@type":"Person","@id":"https:\/\/www.frigogroup.com\/nl\/#\/schema\/person\/04ef811a14cdac94d4fdc3e4d23d389d","name":"admin-etopia","image":{"@type":"ImageObject","inLanguage":"nl-NL","@id":"https:\/\/www.frigogroup.com\/nl\/#\/schema\/person\/image\/","url":"https:\/\/secure.gravatar.com\/avatar\/b5d8cdafb31f8bc329d1de8eba9df534?s=96&d=mm&r=g","contentUrl":"https:\/\/secure.gravatar.com\/avatar\/b5d8cdafb31f8bc329d1de8eba9df534?s=96&d=mm&r=g","caption":"admin-etopia"},"url":"https:\/\/www.frigogroup.com\/nl\/author\/admin-etopia"}]}},"_links":{"self":[{"href":"https:\/\/www.frigogroup.com\/nl\/wp-json\/wp\/v2\/posts\/1405","targetHints":{"allow":["GET"]}}],"collection":[{"href":"https:\/\/www.frigogroup.com\/nl\/wp-json\/wp\/v2\/posts"}],"about":[{"href":"https:\/\/www.frigogroup.com\/nl\/wp-json\/wp\/v2\/types\/post"}],"author":[{"embeddable":true,"href":"https:\/\/www.frigogroup.com\/nl\/wp-json\/wp\/v2\/users\/2"}],"replies":[{"embeddable":true,"href":"https:\/\/www.frigogroup.com\/nl\/wp-json\/wp\/v2\/comments?post=1405"}],"version-history":[{"count":0,"href":"https:\/\/www.frigogroup.com\/nl\/wp-json\/wp\/v2\/posts\/1405\/revisions"}],"wp:featuredmedia":[{"embeddable":true,"href":"https:\/\/www.frigogroup.com\/nl\/wp-json\/wp\/v2\/media\/288"}],"wp:attachment":[{"href":"https:\/\/www.frigogroup.com\/nl\/wp-json\/wp\/v2\/media?parent=1405"}],"wp:term":[{"taxonomy":"category","embeddable":true,"href":"https:\/\/www.frigogroup.com\/nl\/wp-json\/wp\/v2\/categories?post=1405"},{"taxonomy":"post_tag","embeddable":true,"href":"https:\/\/www.frigogroup.com\/nl\/wp-json\/wp\/v2\/tags?post=1405"}],"curies":[{"name":"wp","href":"https:\/\/api.w.org\/{rel}","templated":true}]}}